{"id":270,"date":"2012-03-14T17:39:09","date_gmt":"2012-03-14T17:39:09","guid":{"rendered":"http:\/\/brincher.w.pw\/blog\/?p=270"},"modified":"2013-12-03T15:12:40","modified_gmt":"2013-12-03T18:12:40","slug":"15-livros-indispensaveis-ou-15-dicas-sem-compromisso","status":"publish","type":"post","link":"https:\/\/www.brincher.com.br\/blog\/2012\/03\/14\/15-livros-indispensaveis-ou-15-dicas-sem-compromisso\/","title":{"rendered":"15 livros indispens\u00e1veis ou 15 dicas sem compromisso"},"content":{"rendered":"<p>Muita gente me pergunta sobre os livros de que mais gostei ao longo da vida. Pergunta dif\u00edcil. H\u00e1 os que li e reli algumas vezes, que cultuo em segredo, mas que eu n\u00e3o indicaria a muita gente. H\u00e1 os que eu nem curto tanto, mas que considero leitura obrigat\u00f3ria. H\u00e1 tamb\u00e9m os que me proporcionaram boas horas de distra\u00e7\u00e3o e deleite. A lista abaixo \u00e9 um pouco desses todos. J\u00e1 sabemos que muitos v\u00e3o ser esquecidos, mas o importante \u00e9 saber os que N\u00c3O seriam esquecidos.<\/p>\n<blockquote><p><strong>livro [autor] pa\u00eds (obs.):<\/strong><\/p><\/blockquote>\n<ol>\n<li><strong>A M\u00e1quina L\u00edrica <\/strong>[Herbelto Helder] Portugal (Li no come\u00e7o da gradua\u00e7\u00e3o e me impressionou demais. Foi meu contato mais visceral com poesia at\u00e9 hoje)<\/li>\n<li><strong>Avalovara<\/strong> [Osman Lins] Brasil (Na adolesc\u00eancia, eu lia basicamente s\u00f3 Nietzsche, mesmo sem entender muito, e ocultismo; acabei chegando ao Avalovara por conta da forma como foi organizado o romance, baseado num anagrama bem conhecido dos ocultistas)<\/li>\n<li><strong>Crime e Castigo<\/strong> [Dostoi\u00e9vski] R\u00fassia (N\u00e3o vou explicar. Leia imediatamente)<\/li>\n<li><strong>Enquanto Agonizo<\/strong> [William Faulkner] EUA (Primeira cena: O filho marceneiro constr\u00f3i o caix\u00e3o da m\u00e3e moribunda que, de sua cama, observa o trabalho; tenso&#8230;)<\/li>\n<li><strong>Judas, o obscuro <\/strong>[Thomas Hardy] Inglaterra (Poucas hist\u00f3rias de personagens s\u00e3o mais deprimentes que a de Judas; a ant\u00edtese perfeita do &#8220;querer \u00e9 poder&#8221;; o 1\u00aa cap\u00edtulo, entretanto, \u00e9 muito divertido)<\/li>\n<li><strong>Lavoura Arcaica<\/strong> [Raduan Nassar] Brasil (Violenta e sensual, essa \u00e9 a linguagem do Nassar; livrinho pequeno, mas avassalador)<\/li>\n<li><strong>Minha m\u00e3e morrendo e o menino mentido<\/strong> [Val\u00eancio Xavier] Brasil (romance, poesia, fotonovela, di\u00e1rio, cr\u00f4nica&#8230; um livro fisicamente lindo &#8211; o da Cia das Letras &#8211; e com uma constru\u00e7\u00e3o \u00fanica)<\/li>\n<li><strong>O Menino de Areia<\/strong> [Tahar Ben-Jelloun] Marrocos (&#8220;Ele se chamar\u00e1 Ahmed, mesmo que seja uma menina&#8221;. Come\u00e7a assim a hist\u00f3ria de uma mulher que \u00e9 criada como homem no seio de uma sociedade mu\u00e7ulmana a fim de que o pai, que nunca teve filhos homens, n\u00e3o deixe a heran\u00e7a de sua fam\u00edlia aos irm\u00e3os)<\/li>\n<li><strong>O vendedor de passados <\/strong>[Jos\u00e9 Eduardo Agualusa] Angola (O narrador \u00e9 uma lagartixa e o protagonista \u00e9 um angolano albino; digo mais?)<\/li>\n<li><strong>O Vermelho e o Negro<\/strong> [Sthendal] Fran\u00e7a (N\u00e3o vou explicar. Leia imediatamente)<\/li>\n<li><strong>As laranjas iguais<\/strong> [Oswaldo Fran\u00e7a J\u00fanior] Brasil (Primeiro e melhor livro de mini-contos que li)<\/li>\n<li><strong>Quo-Vadis<\/strong> [Henryk Sienkiewicz] Pol\u00f4nia (Primeiro romance que li na vida; trata de uma hist\u00f3ria de amor em meio \u00e0 persegui\u00e7\u00e3o dos crist\u00e3os romanos; este livro consolidou aquela lenda de que Nero p\u00f4s fogo em Roma para se inspirar nas composi\u00e7\u00f5es)<\/li>\n<li><strong>Terra Son\u00e2mbula<\/strong> [Mia Couto] Mo\u00e7ambique (Meu segundo contato com literaturas africanas em Portugu\u00eas antes da universidade)<\/li>\n<li><strong>Veinte poemas de amor y uma canci\u00f3n desesperada<\/strong> [Pablo Neruda] Chile (Porque cada vez que eu lia isso pensava: cara&#8230; ele deve ter apavorado a mulherada).<\/li>\n<li><strong>Vidas Secas <\/strong>[Graciliano Ramos] Brasil (Por causa da Baleia, n\u00e9? D\u00e3\u00e3\u00e3)<\/li>\n<\/ol>\n","protected":false},"excerpt":{"rendered":"<p>Muita gente me pergunta sobre os livros de que mais gostei ao longo da vida. Pergunta dif\u00edcil. H\u00e1 os que li e reli algumas vezes, que cultuo em segredo, mas que eu n\u00e3o indicaria a muita gente. H\u00e1 os que eu nem curto tanto, mas que considero leitura obrigat\u00f3ria. H\u00e1 tamb\u00e9m os que me proporcionaram [&hellip;]<\/p>\n","protected":false},"author":1,"featured_media":0,"comment_status":"open","ping_status":"open","sticky":false,"template":"","format":"standard","meta":{"jetpack_post_was_ever_published":false,"_jetpack_newsletter_access":"","_jetpack_newsletter_tier_id":0,"jetpack_publicize_message":"","jetpack_is_tweetstorm":false,"jetpack_publicize_feature_enabled":true,"jetpack_social_post_already_shared":false,"jetpack_social_options":{"image_generator_settings":{"template":"highway","enabled":false}}},"categories":[14],"tags":[15,17,16],"jetpack_publicize_connections":[],"aioseo_notices":[],"jetpack_featured_media_url":"","jetpack_shortlink":"https:\/\/wp.me\/p7bdao-4m","jetpack-related-posts":[{"id":287,"url":"https:\/\/www.brincher.com.br\/blog\/2013\/12\/31\/dicas-meio-vagas-para-acabar-2013-pobre-mas-feliz\/","url_meta":{"origin":270,"position":0},"title":"Dicas (meio vagas) para acabar 2013 pobre, mas feliz","author":"Sandro Brincher","date":"2013\/12\/31","format":false,"excerpt":"A Cosac Naify, editora que faz os livros mais lindos do mundo, prorrogou at\u00e9 hoje uma promo\u00e7\u00e3o incr\u00edvel. S\u00e3o mais de 300 t\u00edtulos com pre\u00e7os de no m\u00e1ximo R$ 19,90. Uma amiga me pediu umas sugest\u00f5es [nada de teoria, s\u00f3 fic\u00e7\u00e3o e afins] e eu fiz uma listinha. \u00c9 bem\u2026","rel":"","context":"In &quot;Dicas&quot;","block_context":{"text":"Dicas","link":"https:\/\/www.brincher.com.br\/blog\/category\/dicas\/"},"img":{"alt_text":"cosacnaifypromo","src":"https:\/\/i0.wp.com\/brincher.w.pw\/blog\/wp-content\/uploads\/2013\/12\/cosacnaifypromo-510x243.jpg?resize=350%2C200","width":350,"height":200},"classes":[]},{"id":539,"url":"https:\/\/www.brincher.com.br\/blog\/2018\/01\/18\/aquilino-ribeiro-habitos-adquiridos-habitos-recusados\/","url_meta":{"origin":270,"position":1},"title":"Aquilino Ribeiro: h\u00e1bitos adquiridos, h\u00e1bitos recusados","author":"Sandro Brincher","date":"2018\/01\/18","format":false,"excerpt":"Essas ladainhas chinesas, embora longe de qualquer car\u00e1ter lit\u00fargico, davam-me a sensa\u00e7\u00e3o de adentrar um templo e eram a pr\u00f3pria bened\u00edcite que eu mesmo n\u00e3o proferia.","rel":"","context":"In &quot;China&quot;","block_context":{"text":"China","link":"https:\/\/www.brincher.com.br\/blog\/category\/cotidiano\/china\/"},"img":{"alt_text":"Aquilino Ribeiro","src":"https:\/\/i0.wp.com\/www.brincher.com.br\/blog\/wp-content\/uploads\/2018\/01\/aquilino-ribeiro.jpg?fit=854%2C482&ssl=1&resize=350%2C200","width":350,"height":200,"srcset":"https:\/\/i0.wp.com\/www.brincher.com.br\/blog\/wp-content\/uploads\/2018\/01\/aquilino-ribeiro.jpg?fit=854%2C482&ssl=1&resize=350%2C200 1x, https:\/\/i0.wp.com\/www.brincher.com.br\/blog\/wp-content\/uploads\/2018\/01\/aquilino-ribeiro.jpg?fit=854%2C482&ssl=1&resize=525%2C300 1.5x, https:\/\/i0.wp.com\/www.brincher.com.br\/blog\/wp-content\/uploads\/2018\/01\/aquilino-ribeiro.jpg?fit=854%2C482&ssl=1&resize=700%2C400 2x"},"classes":[]},{"id":509,"url":"https:\/\/www.brincher.com.br\/blog\/2015\/04\/25\/fisica-shakespeare-e-adaptacoes\/","url_meta":{"origin":270,"position":2},"title":"F\u00edsica, Shakespeare e adapta\u00e7\u00f5es","author":"Sandro Brincher","date":"2015\/04\/25","format":false,"excerpt":"J\u00e1 era levemente estranho que, em pleno \"hor\u00e1rio do parquinho\" [ou seja, hora livre para fazer o que quiser], uma turma de 4\u00ba do ensino fundamental [com idades entre 9 e 10 anos] estivesse na biblioteca em um dia ensolarado e quente. Mais estranho ainda o grupo de 4 meninas\u2026","rel":"","context":"In &quot;Cotidiano&quot;","block_context":{"text":"Cotidiano","link":"https:\/\/www.brincher.com.br\/blog\/category\/cotidiano\/"},"img":{"alt_text":"","src":"","width":0,"height":0},"classes":[]},{"id":420,"url":"https:\/\/www.brincher.com.br\/blog\/2016\/01\/01\/j-d-salinger-e-a-inteligencia-alheia\/","url_meta":{"origin":270,"position":3},"title":"J. D. Salinger e a intelig\u00eancia alheia","author":"Sandro Brincher","date":"2016\/01\/01","format":false,"excerpt":"Hoje \u00e9 anivers\u00e1rio de J. D. Salinger [1\/jan\/1919 - 27\/jan\/2010]\u200b, o mais capricorniano dos escritores. Foi depois de ler seu aclamado romance \u201cO apanhador no campo de centeio\u201d que me dei conta de que eu n\u00e3o era inteligente, era s\u00f3 um cara com meia d\u00fazia de refer\u00eancias e uma boa\u2026","rel":"","context":"In &quot;Cotidiano&quot;","block_context":{"text":"Cotidiano","link":"https:\/\/www.brincher.com.br\/blog\/category\/cotidiano\/"},"img":{"alt_text":"J.D. Salinger e seu cachorrinho. Cr\u00e9ditos: Paul Fitzgerald\/The Story Factory","src":"https:\/\/i0.wp.com\/www.brincher.com.br\/blog\/wp-content\/uploads\/2016\/01\/JD-Salinger-010.jpg?fit=620%2C372&ssl=1&resize=350%2C200","width":350,"height":200,"srcset":"https:\/\/i0.wp.com\/www.brincher.com.br\/blog\/wp-content\/uploads\/2016\/01\/JD-Salinger-010.jpg?fit=620%2C372&ssl=1&resize=350%2C200 1x, https:\/\/i0.wp.com\/www.brincher.com.br\/blog\/wp-content\/uploads\/2016\/01\/JD-Salinger-010.jpg?fit=620%2C372&ssl=1&resize=525%2C300 1.5x"},"classes":[]},{"id":400,"url":"https:\/\/www.brincher.com.br\/blog\/2015\/04\/06\/o-melhor-ano-da-minha-vida-ou-historia-de-algumas-caronas\/","url_meta":{"origin":270,"position":4},"title":"O melhor ano da minha vida  OU  Hist\u00f3ria de (alg)uma(s) carona(s)","author":"Sandro Brincher","date":"2015\/04\/06","format":false,"excerpt":"Nota: eu achei que tinha publicado\u00a0esse texto no fim do ano passado, mas minha postagem programada n\u00e3o funcionou e s\u00f3 me dei conta disso agora. A\u00ed vai, com atraso mesmo, porque 2014 mereceu. Segundo meu \"Livro de caronas\" [um caderninho no qual eu anoto algo sobre as pessoas a quem\u2026","rel":"","context":"In &quot;Cotidiano&quot;","block_context":{"text":"Cotidiano","link":"https:\/\/www.brincher.com.br\/blog\/category\/cotidiano\/"},"img":{"alt_text":"\"Hitchhiking near Vicksburg, Mississippi in 1936\", fotografia de Walker Evans","src":"https:\/\/i0.wp.com\/www.brincher.com.br\/blog\/wp-content\/uploads\/2015\/04\/Walker_Evans_Hitchhidkers_Vicksburg_vicinity_March_1936.jpg?fit=1200%2C946&ssl=1&resize=350%2C200","width":350,"height":200,"srcset":"https:\/\/i0.wp.com\/www.brincher.com.br\/blog\/wp-content\/uploads\/2015\/04\/Walker_Evans_Hitchhidkers_Vicksburg_vicinity_March_1936.jpg?fit=1200%2C946&ssl=1&resize=350%2C200 1x, https:\/\/i0.wp.com\/www.brincher.com.br\/blog\/wp-content\/uploads\/2015\/04\/Walker_Evans_Hitchhidkers_Vicksburg_vicinity_March_1936.jpg?fit=1200%2C946&ssl=1&resize=525%2C300 1.5x, https:\/\/i0.wp.com\/www.brincher.com.br\/blog\/wp-content\/uploads\/2015\/04\/Walker_Evans_Hitchhidkers_Vicksburg_vicinity_March_1936.jpg?fit=1200%2C946&ssl=1&resize=700%2C400 2x, https:\/\/i0.wp.com\/www.brincher.com.br\/blog\/wp-content\/uploads\/2015\/04\/Walker_Evans_Hitchhidkers_Vicksburg_vicinity_March_1936.jpg?fit=1200%2C946&ssl=1&resize=1050%2C600 3x"},"classes":[]},{"id":372,"url":"https:\/\/www.brincher.com.br\/blog\/2014\/08\/08\/licao-laconica\/","url_meta":{"origin":270,"position":5},"title":"[ li\u00e7\u00e3o lac\u00f4nica ]","author":"Sandro Brincher","date":"2014\/08\/08","format":false,"excerpt":"Eu tava cansado, com sono (culpa do show da Strindberg no Taliesyn na noite anterior), com fome e com rinite. Cheguei ao carro e me dei conta de que tinha esquecido a bolsa na sala dos professores. Voltei querendo explodir o mundo pela minha burrice. Quatro andares escada acima. Na\u2026","rel":"","context":"In &quot;Cotidiano&quot;","block_context":{"text":"Cotidiano","link":"https:\/\/www.brincher.com.br\/blog\/category\/cotidiano\/"},"img":{"alt_text":"empty school","src":"https:\/\/i0.wp.com\/www.brincher.com.br\/blog\/wp-content\/uploads\/2014\/08\/Empty_School_Hall_by_lightstars.jpg?resize=350%2C200","width":350,"height":200,"srcset":"https:\/\/i0.wp.com\/www.brincher.com.br\/blog\/wp-content\/uploads\/2014\/08\/Empty_School_Hall_by_lightstars.jpg?resize=350%2C200 1x, https:\/\/i0.wp.com\/www.brincher.com.br\/blog\/wp-content\/uploads\/2014\/08\/Empty_School_Hall_by_lightstars.jpg?resize=525%2C300 1.5x, https:\/\/i0.wp.com\/www.brincher.com.br\/blog\/wp-content\/uploads\/2014\/08\/Empty_School_Hall_by_lightstars.jpg?resize=700%2C400 2x"},"classes":[]}],"jetpack_likes_enabled":true,"jetpack_sharing_enabled":true,"_links":{"self":[{"href":"https:\/\/www.brincher.com.br\/blog\/wp-json\/wp\/v2\/posts\/270"}],"collection":[{"href":"https:\/\/www.brincher.com.br\/blog\/wp-json\/wp\/v2\/posts"}],"about":[{"href":"https:\/\/www.brincher.com.br\/blog\/wp-json\/wp\/v2\/types\/post"}],"author":[{"embeddable":true,"href":"https:\/\/www.brincher.com.br\/blog\/wp-json\/wp\/v2\/users\/1"}],"replies":[{"embeddable":true,"href":"https:\/\/www.brincher.com.br\/blog\/wp-json\/wp\/v2\/comments?post=270"}],"version-history":[{"count":5,"href":"https:\/\/www.brincher.com.br\/blog\/wp-json\/wp\/v2\/posts\/270\/revisions"}],"predecessor-version":[{"id":271,"href":"https:\/\/www.brincher.com.br\/blog\/wp-json\/wp\/v2\/posts\/270\/revisions\/271"}],"wp:attachment":[{"href":"https:\/\/www.brincher.com.br\/blog\/wp-json\/wp\/v2\/media?parent=270"}],"wp:term":[{"taxonomy":"category","embeddable":true,"href":"https:\/\/www.brincher.com.br\/blog\/wp-json\/wp\/v2\/categories?post=270"},{"taxonomy":"post_tag","embeddable":true,"href":"https:\/\/www.brincher.com.br\/blog\/wp-json\/wp\/v2\/tags?post=270"}],"curies":[{"name":"wp","href":"https:\/\/api.w.org\/{rel}","templated":true}]}}