{"id":279,"date":"2013-12-10T13:22:36","date_gmt":"2013-12-10T16:22:36","guid":{"rendered":"http:\/\/www.brincher.com.br\/blog\/?p=279"},"modified":"2013-12-10T13:22:36","modified_gmt":"2013-12-10T16:22:36","slug":"pedofolia-carnaval-e-radicais","status":"publish","type":"post","link":"https:\/\/www.brincher.com.br\/blog\/2013\/12\/10\/pedofolia-carnaval-e-radicais\/","title":{"rendered":"Pedofolia, carnaval e radicais"},"content":{"rendered":"<p>Me pedem sugest\u00e3o para o nome dum baile de carnaval infantil, sugiro <strong>Pedofolia<\/strong>, a\u00ed me esculacham impiedosamente. Francamente, t\u00e1 cada vez mais dif\u00edcil viver num mundo no qual as pessoas n\u00e3o manjam dos radicais gregos.<\/p>\n<figure id=\"attachment_280\" aria-describedby=\"caption-attachment-280\" style=\"width: 445px\" class=\"wp-caption alignleft\"><img data-attachment-id=\"280\" data-permalink=\"https:\/\/www.brincher.com.br\/blog\/2013\/12\/10\/pedofolia-carnaval-e-radicais\/modelosinfantilcarnaval\/\" data-orig-file=\"https:\/\/i0.wp.com\/www.brincher.com.br\/blog\/wp-content\/uploads\/2013\/12\/modelos+infantil+carnaval.jpg?fit=445%2C640&amp;ssl=1\" data-orig-size=\"445,640\" data-comments-opened=\"1\" data-image-meta=\"{&quot;aperture&quot;:&quot;5&quot;,&quot;credit&quot;:&quot;&quot;,&quot;camera&quot;:&quot;NIKON D3000&quot;,&quot;caption&quot;:&quot;&quot;,&quot;created_timestamp&quot;:&quot;1328185183&quot;,&quot;copyright&quot;:&quot;&quot;,&quot;focal_length&quot;:&quot;20&quot;,&quot;iso&quot;:&quot;200&quot;,&quot;shutter_speed&quot;:&quot;0.016666666666667&quot;,&quot;title&quot;:&quot;&quot;}\" data-image-title=\"modelos+infantis+carnaval\" data-image-description=\"&lt;p&gt;modelos+infantis+carnaval&lt;\/p&gt;\n\" data-image-caption=\"&lt;p&gt;modelos+infantis+carnaval&lt;\/p&gt;\n\" data-medium-file=\"https:\/\/i0.wp.com\/www.brincher.com.br\/blog\/wp-content\/uploads\/2013\/12\/modelos+infantil+carnaval.jpg?fit=208%2C300&amp;ssl=1\" data-large-file=\"https:\/\/i0.wp.com\/www.brincher.com.br\/blog\/wp-content\/uploads\/2013\/12\/modelos+infantil+carnaval.jpg?fit=445%2C640&amp;ssl=1\" decoding=\"async\" loading=\"lazy\" class=\"size-full wp-image-280\" alt=\"modelos+infantis+carnaval\" src=\"https:\/\/i0.wp.com\/brincher.w.pw\/blog\/wp-content\/uploads\/2013\/12\/modelos+infantil+carnaval.jpg?resize=445%2C640\" width=\"445\" height=\"640\" srcset=\"https:\/\/i0.wp.com\/www.brincher.com.br\/blog\/wp-content\/uploads\/2013\/12\/modelos+infantil+carnaval.jpg?w=445&amp;ssl=1 445w, https:\/\/i0.wp.com\/www.brincher.com.br\/blog\/wp-content\/uploads\/2013\/12\/modelos+infantil+carnaval.jpg?resize=208%2C300&amp;ssl=1 208w\" sizes=\"(max-width: 445px) 100vw, 445px\" data-recalc-dims=\"1\" \/><figcaption id=\"caption-attachment-280\" class=\"wp-caption-text\">modelos+infantis+carnaval<\/figcaption><\/figure>\n","protected":false},"excerpt":{"rendered":"<p>Me pedem sugest\u00e3o para o nome dum baile de carnaval infantil, sugiro Pedofolia, a\u00ed me esculacham impiedosamente. Francamente, t\u00e1 cada vez mais dif\u00edcil viver num mundo no qual as pessoas n\u00e3o manjam dos radicais gregos.<\/p>\n","protected":false},"author":1,"featured_media":0,"comment_status":"open","ping_status":"open","sticky":false,"template":"","format":"standard","meta":{"jetpack_post_was_ever_published":false,"_jetpack_newsletter_access":"","_jetpack_newsletter_tier_id":0,"jetpack_publicize_message":"","jetpack_is_tweetstorm":false,"jetpack_publicize_feature_enabled":true,"jetpack_social_post_already_shared":false,"jetpack_social_options":{"image_generator_settings":{"template":"highway","enabled":false}}},"categories":[18],"tags":[21,19,22,9,26,23,24,27,28,25,20],"jetpack_publicize_connections":[],"aioseo_notices":[],"jetpack_featured_media_url":"","jetpack_shortlink":"https:\/\/wp.me\/p7bdao-4v","jetpack-related-posts":[{"id":252,"url":"https:\/\/www.brincher.com.br\/blog\/2010\/10\/15\/da-relatividade-da-distancia\/","url_meta":{"origin":279,"position":0},"title":"[ da relatividade; da dist\u00e2ncia ]","author":"Sandro Brincher","date":"2010\/10\/15","format":false,"excerpt":"Lembro como se fosse ontem (minha mem\u00f3ria me engana menos no dia seguinte): duas mulheres conversavam no \u00f4nibus. Uma delas pouco falava. Indicador no queixo, cenho cerrado, atentava para cada frase da outra, a Juraci (lembro da ironia do nome), que se queixava de sua vida de casada. Samanta n\u00e3o\u2026","rel":"","context":"In &quot;Textos&quot;","block_context":{"text":"Textos","link":"https:\/\/www.brincher.com.br\/blog\/category\/textos\/"},"img":{"alt_text":"","src":"","width":0,"height":0},"classes":[]},{"id":467,"url":"https:\/\/www.brincher.com.br\/blog\/2016\/08\/12\/empreendedorismo-infantil-aula-1\/","url_meta":{"origin":279,"position":1},"title":"Empreendedorismo infantil, aula 1","author":"Sandro Brincher","date":"2016\/08\/12","format":false,"excerpt":"Tava tomando caf\u00e9 numa padariazinha aqui do centro e entraram dois moleques vendendo chocolates. Os dois muito bem apresentados, roupinha nos trinques, cabelio lambidinho pro lado e tudo. Venderam alguma coisa, mas as pessoas sempre olham com aquela cara desconfiada, puxam a bolsa pra mais perto do corpo, fingem que\u2026","rel":"","context":"In &quot;Cotidiano&quot;","block_context":{"text":"Cotidiano","link":"https:\/\/www.brincher.com.br\/blog\/category\/cotidiano\/"},"img":{"alt_text":"empreendedorismo-infantil.jpg","src":"https:\/\/i0.wp.com\/www.brincher.com.br\/blog\/wp-content\/uploads\/2016\/08\/empreendedorismo-infantil.jpg?fit=640%2C343&ssl=1&resize=350%2C200","width":350,"height":200,"srcset":"https:\/\/i0.wp.com\/www.brincher.com.br\/blog\/wp-content\/uploads\/2016\/08\/empreendedorismo-infantil.jpg?fit=640%2C343&ssl=1&resize=350%2C200 1x, https:\/\/i0.wp.com\/www.brincher.com.br\/blog\/wp-content\/uploads\/2016\/08\/empreendedorismo-infantil.jpg?fit=640%2C343&ssl=1&resize=525%2C300 1.5x"},"classes":[]},{"id":472,"url":"https:\/\/www.brincher.com.br\/blog\/2016\/09\/16\/heineken-redencao\/","url_meta":{"origin":279,"position":2},"title":"Heineken; reden\u00e7\u00e3o","author":"Sandro Brincher","date":"2016\/09\/16","format":false,"excerpt":"Greve dos banc\u00e1rios. Estou h\u00e1 20 minutos mofando na fila da lot\u00e9rica de um shopping a fim de pagar umas contas. Com aquele Araketu maroto pipocando no fone, observo as pessoas que passam e, \u00e0 revelia do que a vida incita, tento me manter animado. \u00c9 o que fa\u00e7o o\u2026","rel":"","context":"In &quot;Cotidiano&quot;","block_context":{"text":"Cotidiano","link":"https:\/\/www.brincher.com.br\/blog\/category\/cotidiano\/"},"img":{"alt_text":"Al Hoda, comida libanesa vegana","src":"https:\/\/i0.wp.com\/www.brincher.com.br\/blog\/wp-content\/uploads\/2016\/09\/al_hoda_5.png?fit=1029%2C683&ssl=1&resize=350%2C200","width":350,"height":200,"srcset":"https:\/\/i0.wp.com\/www.brincher.com.br\/blog\/wp-content\/uploads\/2016\/09\/al_hoda_5.png?fit=1029%2C683&ssl=1&resize=350%2C200 1x, https:\/\/i0.wp.com\/www.brincher.com.br\/blog\/wp-content\/uploads\/2016\/09\/al_hoda_5.png?fit=1029%2C683&ssl=1&resize=525%2C300 1.5x, https:\/\/i0.wp.com\/www.brincher.com.br\/blog\/wp-content\/uploads\/2016\/09\/al_hoda_5.png?fit=1029%2C683&ssl=1&resize=700%2C400 2x"},"classes":[]},{"id":484,"url":"https:\/\/www.brincher.com.br\/blog\/2017\/03\/24\/in-vino-memoria\/","url_meta":{"origin":279,"position":3},"title":"[ in vino memoria ]","author":"Sandro Brincher","date":"2017\/03\/24","format":false,"excerpt":"Aquele cl\u00e1ssico: tava chegando na esquina, o bus passou. Vazio ainda por cima. Nem um minuto depois, p\u00e1, o executivo. Viagem tranquila, mesmo com a mo\u00e7a roncando [de leve] no banco de tr\u00e1s. Quando eu tava l\u00e1 na frente, j\u00e1 na porta esperando pra descer, o motorista me olhou, riu\u2026","rel":"","context":"In &quot;Cotidiano&quot;","block_context":{"text":"Cotidiano","link":"https:\/\/www.brincher.com.br\/blog\/category\/cotidiano\/"},"img":{"alt_text":"brotherhood winery cellars","src":"https:\/\/i0.wp.com\/www.brincher.com.br\/blog\/wp-content\/uploads\/2017\/03\/brotherhood_winery_cellars_1.jpg?fit=1000%2C420&ssl=1&resize=350%2C200","width":350,"height":200,"srcset":"https:\/\/i0.wp.com\/www.brincher.com.br\/blog\/wp-content\/uploads\/2017\/03\/brotherhood_winery_cellars_1.jpg?fit=1000%2C420&ssl=1&resize=350%2C200 1x, https:\/\/i0.wp.com\/www.brincher.com.br\/blog\/wp-content\/uploads\/2017\/03\/brotherhood_winery_cellars_1.jpg?fit=1000%2C420&ssl=1&resize=525%2C300 1.5x, https:\/\/i0.wp.com\/www.brincher.com.br\/blog\/wp-content\/uploads\/2017\/03\/brotherhood_winery_cellars_1.jpg?fit=1000%2C420&ssl=1&resize=700%2C400 2x"},"classes":[]},{"id":451,"url":"https:\/\/www.brincher.com.br\/blog\/2016\/07\/16\/outras-dermatoses\/","url_meta":{"origin":279,"position":4},"title":"Outras dermatoses","author":"Sandro Brincher","date":"2016\/07\/16","format":false,"excerpt":"A\u00ed o cara vai fazer um exame dermatol\u00f3gico numa policl\u00ednica p\u00fablica. A mo\u00e7a chama o nome dele. Ele entra, ela tranca a porta, senta e come\u00e7a a explicar o procedimento: \u2014 Algu\u00e9m j\u00e1 te disse como se faz esse exame? \u2014 N\u00e3o, ningu\u00e9m. \u2014 \u00c9 bem simples. S\u00e3o fotos. Se\u2026","rel":"","context":"In &quot;Cotidiano&quot;","block_context":{"text":"Cotidiano","link":"https:\/\/www.brincher.com.br\/blog\/category\/cotidiano\/"},"img":{"alt_text":"girl watching porn | fonte: virginityredefined","src":"https:\/\/i0.wp.com\/www.brincher.com.br\/blog\/wp-content\/uploads\/2016\/07\/virginityredefined.png?fit=1002%2C516&ssl=1&resize=350%2C200","width":350,"height":200,"srcset":"https:\/\/i0.wp.com\/www.brincher.com.br\/blog\/wp-content\/uploads\/2016\/07\/virginityredefined.png?fit=1002%2C516&ssl=1&resize=350%2C200 1x, https:\/\/i0.wp.com\/www.brincher.com.br\/blog\/wp-content\/uploads\/2016\/07\/virginityredefined.png?fit=1002%2C516&ssl=1&resize=525%2C300 1.5x, https:\/\/i0.wp.com\/www.brincher.com.br\/blog\/wp-content\/uploads\/2016\/07\/virginityredefined.png?fit=1002%2C516&ssl=1&resize=700%2C400 2x"},"classes":[]},{"id":400,"url":"https:\/\/www.brincher.com.br\/blog\/2015\/04\/06\/o-melhor-ano-da-minha-vida-ou-historia-de-algumas-caronas\/","url_meta":{"origin":279,"position":5},"title":"O melhor ano da minha vida  OU  Hist\u00f3ria de (alg)uma(s) carona(s)","author":"Sandro Brincher","date":"2015\/04\/06","format":false,"excerpt":"Nota: eu achei que tinha publicado\u00a0esse texto no fim do ano passado, mas minha postagem programada n\u00e3o funcionou e s\u00f3 me dei conta disso agora. A\u00ed vai, com atraso mesmo, porque 2014 mereceu. Segundo meu \"Livro de caronas\" [um caderninho no qual eu anoto algo sobre as pessoas a quem\u2026","rel":"","context":"In &quot;Cotidiano&quot;","block_context":{"text":"Cotidiano","link":"https:\/\/www.brincher.com.br\/blog\/category\/cotidiano\/"},"img":{"alt_text":"\"Hitchhiking near Vicksburg, Mississippi in 1936\", fotografia de Walker Evans","src":"https:\/\/i0.wp.com\/www.brincher.com.br\/blog\/wp-content\/uploads\/2015\/04\/Walker_Evans_Hitchhidkers_Vicksburg_vicinity_March_1936.jpg?fit=1200%2C946&ssl=1&resize=350%2C200","width":350,"height":200,"srcset":"https:\/\/i0.wp.com\/www.brincher.com.br\/blog\/wp-content\/uploads\/2015\/04\/Walker_Evans_Hitchhidkers_Vicksburg_vicinity_March_1936.jpg?fit=1200%2C946&ssl=1&resize=350%2C200 1x, https:\/\/i0.wp.com\/www.brincher.com.br\/blog\/wp-content\/uploads\/2015\/04\/Walker_Evans_Hitchhidkers_Vicksburg_vicinity_March_1936.jpg?fit=1200%2C946&ssl=1&resize=525%2C300 1.5x, https:\/\/i0.wp.com\/www.brincher.com.br\/blog\/wp-content\/uploads\/2015\/04\/Walker_Evans_Hitchhidkers_Vicksburg_vicinity_March_1936.jpg?fit=1200%2C946&ssl=1&resize=700%2C400 2x, https:\/\/i0.wp.com\/www.brincher.com.br\/blog\/wp-content\/uploads\/2015\/04\/Walker_Evans_Hitchhidkers_Vicksburg_vicinity_March_1936.jpg?fit=1200%2C946&ssl=1&resize=1050%2C600 3x"},"classes":[]}],"jetpack_likes_enabled":true,"jetpack_sharing_enabled":true,"_links":{"self":[{"href":"https:\/\/www.brincher.com.br\/blog\/wp-json\/wp\/v2\/posts\/279"}],"collection":[{"href":"https:\/\/www.brincher.com.br\/blog\/wp-json\/wp\/v2\/posts"}],"about":[{"href":"https:\/\/www.brincher.com.br\/blog\/wp-json\/wp\/v2\/types\/post"}],"author":[{"embeddable":true,"href":"https:\/\/www.brincher.com.br\/blog\/wp-json\/wp\/v2\/users\/1"}],"replies":[{"embeddable":true,"href":"https:\/\/www.brincher.com.br\/blog\/wp-json\/wp\/v2\/comments?post=279"}],"version-history":[{"count":1,"href":"https:\/\/www.brincher.com.br\/blog\/wp-json\/wp\/v2\/posts\/279\/revisions"}],"predecessor-version":[{"id":281,"href":"https:\/\/www.brincher.com.br\/blog\/wp-json\/wp\/v2\/posts\/279\/revisions\/281"}],"wp:attachment":[{"href":"https:\/\/www.brincher.com.br\/blog\/wp-json\/wp\/v2\/media?parent=279"}],"wp:term":[{"taxonomy":"category","embeddable":true,"href":"https:\/\/www.brincher.com.br\/blog\/wp-json\/wp\/v2\/categories?post=279"},{"taxonomy":"post_tag","embeddable":true,"href":"https:\/\/www.brincher.com.br\/blog\/wp-json\/wp\/v2\/tags?post=279"}],"curies":[{"name":"wp","href":"https:\/\/api.w.org\/{rel}","templated":true}]}}