{"id":372,"date":"2014-08-08T16:59:17","date_gmt":"2014-08-08T19:59:17","guid":{"rendered":"http:\/\/www.brincher.com.br\/blog\/?p=372"},"modified":"2014-08-08T17:05:49","modified_gmt":"2014-08-08T20:05:49","slug":"licao-laconica","status":"publish","type":"post","link":"https:\/\/www.brincher.com.br\/blog\/2014\/08\/08\/licao-laconica\/","title":{"rendered":"[ li\u00e7\u00e3o lac\u00f4nica ]"},"content":{"rendered":"<p><img data-attachment-id=\"374\" data-permalink=\"https:\/\/www.brincher.com.br\/blog\/2014\/08\/08\/licao-laconica\/empty_school_hall_by_lightstars\/\" data-orig-file=\"https:\/\/i0.wp.com\/www.brincher.com.br\/blog\/wp-content\/uploads\/2014\/08\/Empty_School_Hall_by_lightstars.jpg?fit=900%2C675&amp;ssl=1\" data-orig-size=\"900,675\" data-comments-opened=\"1\" data-image-meta=\"{&quot;aperture&quot;:&quot;0&quot;,&quot;credit&quot;:&quot;&quot;,&quot;camera&quot;:&quot;&quot;,&quot;caption&quot;:&quot;&quot;,&quot;created_timestamp&quot;:&quot;0&quot;,&quot;copyright&quot;:&quot;&quot;,&quot;focal_length&quot;:&quot;0&quot;,&quot;iso&quot;:&quot;0&quot;,&quot;shutter_speed&quot;:&quot;0&quot;,&quot;title&quot;:&quot;&quot;}\" data-image-title=\"Empty_School_Hall_by_lightstars\" data-image-description=\"\" data-image-caption=\"\" data-medium-file=\"https:\/\/i0.wp.com\/www.brincher.com.br\/blog\/wp-content\/uploads\/2014\/08\/Empty_School_Hall_by_lightstars.jpg?fit=300%2C225&amp;ssl=1\" data-large-file=\"https:\/\/i0.wp.com\/www.brincher.com.br\/blog\/wp-content\/uploads\/2014\/08\/Empty_School_Hall_by_lightstars.jpg?fit=510%2C382&amp;ssl=1\" decoding=\"async\" loading=\"lazy\" class=\"alignleft size-full wp-image-374\" src=\"https:\/\/i0.wp.com\/www.brincher.com.br\/blog\/wp-content\/uploads\/2014\/08\/Empty_School_Hall_by_lightstars.jpg?resize=580%2C435\" alt=\"empty school\" width=\"580\" height=\"435\" srcset=\"https:\/\/i0.wp.com\/www.brincher.com.br\/blog\/wp-content\/uploads\/2014\/08\/Empty_School_Hall_by_lightstars.jpg?w=900&amp;ssl=1 900w, https:\/\/i0.wp.com\/www.brincher.com.br\/blog\/wp-content\/uploads\/2014\/08\/Empty_School_Hall_by_lightstars.jpg?resize=300%2C225&amp;ssl=1 300w, https:\/\/i0.wp.com\/www.brincher.com.br\/blog\/wp-content\/uploads\/2014\/08\/Empty_School_Hall_by_lightstars.jpg?resize=510%2C382&amp;ssl=1 510w\" sizes=\"(max-width: 580px) 100vw, 580px\" data-recalc-dims=\"1\" \/><\/p>\n<p>Eu tava cansado, com sono (culpa do show da <a href=\"https:\/\/www.facebook.com\/events\/510031062476875\/?fref=ts\" target=\"_blank\">Strindberg<\/a> no Taliesyn na noite anterior), com fome e com rinite. Cheguei ao carro e me dei conta de que tinha esquecido a bolsa na sala dos professores. Voltei querendo explodir o mundo pela minha burrice. Quatro andares escada acima. Na volta, ela me para e come\u00e7a:<\/p>\n<p><em>&#8211; Minha m\u00e3e disse que tu \u00e9 uma pessoa muito espirituosa. Eu sempre mostro pra ela as coisas que tu escreve no Facebook e ela ri bastante.<\/em><\/p>\n<p>Eu n\u00e3o sei lidar com elogios. N\u00e3o tenho essa manha. Fico meio desnorteado, n\u00e3o sei o que responder, tendo a negar quase involuntariamente. S\u00f3 consegui dizer &#8220;Ah, que \u00f3timo. \u00c9 um elogio e tanto&#8221;.<br \/>\nEla ficou me olhando, sem dizer nada, como se esperasse alguma outra resposta. Perguntei se ela queria dizer mais alguma coisa. Queria sim.<\/p>\n<p><em>&#8211; \u00c9 que eu n\u00e3o sabia o que significava essa palavra. Olhei no dicion\u00e1rio, mas podia ter perguntado pra ela na hora. Fiz isso uma vez, mas ela n\u00e3o respondeu direito. Era como se tivesse ficado decepcionada com a pergunta. Nunca mais consegui perguntar nada depois disso. <\/em><\/p>\n<p>E desabou. Chorou, chorou, chorou. Dei um abra\u00e7o nela. N\u00e3o aguentei e chorei junto. Sem motivo mesmo. Ou s\u00f3 porque estava cansado, com sono, com fome e com rinite. Ou porque tinha esquecido a bolsa. Ou porque h\u00e1 tempos queria um motivo pra desabar tamb\u00e9m. N\u00e3o falamos mais nada. S\u00f3 ficamos ali sentados por algum tempo; o tempo necess\u00e1rio.<\/p>\n<p>Levantamos e fomos descendo. No caminho, ela disse que ia ficar por ali, precisava se recompor antes de encontrar as amigas l\u00e1 na cantina.<\/p>\n<p>&#8211; Obrigada, professor.<br \/>\n&#8211; Mas eu nem consegui dizer\u00a0nada&#8230;<br \/>\n&#8211; Obrigada por me ouvir,\u00a0ent\u00e3o.<\/p>\n<p>E eu, que tantos voc\u00e1bulos\u00a0uso no dia-a-dia para ajudar meus alunos a perceber o quanto podemos ser criativos &#8211; desde que tenhamos vocabul\u00e1rio para isso &#8211;\u00a0em tudo\u00a0que queremos dizer, aprendi uma inesquec\u00edvel li\u00e7\u00e3o sobre o sil\u00eancio.<\/p>\n","protected":false},"excerpt":{"rendered":"<p>Eu tava cansado, com sono (culpa do show da Strindberg no Taliesyn na noite anterior), com fome e com rinite. Cheguei ao carro e me dei conta de que tinha esquecido a bolsa na sala dos professores. Voltei querendo explodir o mundo pela minha burrice. Quatro andares escada acima. Na volta, ela me para e [&hellip;]<\/p>\n","protected":false},"author":1,"featured_media":0,"comment_status":"open","ping_status":"open","sticky":false,"template":"","format":"standard","meta":{"jetpack_post_was_ever_published":false,"_jetpack_newsletter_access":"","_jetpack_newsletter_tier_id":0,"jetpack_publicize_message":"","jetpack_is_tweetstorm":false,"jetpack_publicize_feature_enabled":true,"jetpack_social_post_already_shared":false,"jetpack_social_options":{"image_generator_settings":{"template":"highway","enabled":false}}},"categories":[18,5],"tags":[34,36,41,39,37,35,42,40,38],"jetpack_publicize_connections":[],"aioseo_notices":[],"jetpack_featured_media_url":"","jetpack_shortlink":"https:\/\/wp.me\/p7bdao-60","jetpack-related-posts":[{"id":247,"url":"https:\/\/www.brincher.com.br\/blog\/2010\/09\/23\/medusa\/","url_meta":{"origin":372,"position":0},"title":"[ medusa ]","author":"Sandro Brincher","date":"2010\/09\/23","format":false,"excerpt":"Eu tinha certeza do que aconteceria quando eu encontrasse a mulher mais linda do mundo. Foi hoje. Ela estava no ponto do \u00f4nibus; ouvia m\u00fasica no fone e sorria. Subiu primeiro e sentou-se. Tomei lugar num banco ligeiramente \u00e0 frente, na fileira do lado oposto, assim poderia observ\u00e1-la pelo reflexo\u2026","rel":"","context":"In &quot;Textos&quot;","block_context":{"text":"Textos","link":"https:\/\/www.brincher.com.br\/blog\/category\/textos\/"},"img":{"alt_text":"","src":"","width":0,"height":0},"classes":[]},{"id":534,"url":"https:\/\/www.brincher.com.br\/blog\/2018\/01\/14\/quatro-frases-uteis-em-amarico\/","url_meta":{"origin":372,"position":1},"title":"Quatro frases \u00fateis em Am\u00e1rico","author":"Sandro Brincher","date":"2018\/01\/14","format":false,"excerpt":"A companhia com a qual tenho viajado nas \u00faltimas 4 idas e vindas ao Brasil \u00e9 a Ethiopian Airlines. Eu poderia elogiar algumas coisas, como o menu vegano ou o infinito profissionalismo das comiss\u00e1rias de bordo - al\u00e9m da eleg\u00e2ncia de seus trajes \"t\u00edpicos\" e do sorriso absurdamente radiante das\u2026","rel":"","context":"In &quot;China&quot;","block_context":{"text":"China","link":"https:\/\/www.brincher.com.br\/blog\/category\/cotidiano\/china\/"},"img":{"alt_text":"Ethiopian girls","src":"https:\/\/i0.wp.com\/www.brincher.com.br\/blog\/wp-content\/uploads\/2018\/01\/IMG_7937.jpg?fit=1024%2C512&ssl=1&resize=350%2C200","width":350,"height":200,"srcset":"https:\/\/i0.wp.com\/www.brincher.com.br\/blog\/wp-content\/uploads\/2018\/01\/IMG_7937.jpg?fit=1024%2C512&ssl=1&resize=350%2C200 1x, https:\/\/i0.wp.com\/www.brincher.com.br\/blog\/wp-content\/uploads\/2018\/01\/IMG_7937.jpg?fit=1024%2C512&ssl=1&resize=525%2C300 1.5x, https:\/\/i0.wp.com\/www.brincher.com.br\/blog\/wp-content\/uploads\/2018\/01\/IMG_7937.jpg?fit=1024%2C512&ssl=1&resize=700%2C400 2x"},"classes":[]},{"id":394,"url":"https:\/\/www.brincher.com.br\/blog\/2015\/03\/08\/sobre-o-dia-das-mulheres-digo-nada\/","url_meta":{"origin":372,"position":2},"title":"Sobre o Dia das Mulheres: digo nada","author":"Sandro Brincher","date":"2015\/03\/08","format":false,"excerpt":"CarOs amigOs, Ontem \u00e0 tarde, depois de um dia muito trabalhoso, resolvi escrever algumas coisas a respeito do Dia da Mulher e de como n\u00e3o h\u00e1 muito pra se \"comemorar\" nessa data [h\u00e1 muito, \u00f3bvio, para se discutir e sobre o que agir]. Digitei \"Mulher no Brasil\" no Google e\u2026","rel":"","context":"In &quot;Cotidiano&quot;","block_context":{"text":"Cotidiano","link":"https:\/\/www.brincher.com.br\/blog\/category\/cotidiano\/"},"img":{"alt_text":"\"Mulher no Brasil\", primeiros resultados de uma pesquisa no Google Imagens","src":"https:\/\/i0.wp.com\/www.brincher.com.br\/blog\/wp-content\/uploads\/2015\/03\/2015-03-08-1425835837_1580x783_scrot-510x252.png?resize=350%2C200","width":350,"height":200},"classes":[]},{"id":472,"url":"https:\/\/www.brincher.com.br\/blog\/2016\/09\/16\/heineken-redencao\/","url_meta":{"origin":372,"position":3},"title":"Heineken; reden\u00e7\u00e3o","author":"Sandro Brincher","date":"2016\/09\/16","format":false,"excerpt":"Greve dos banc\u00e1rios. Estou h\u00e1 20 minutos mofando na fila da lot\u00e9rica de um shopping a fim de pagar umas contas. Com aquele Araketu maroto pipocando no fone, observo as pessoas que passam e, \u00e0 revelia do que a vida incita, tento me manter animado. \u00c9 o que fa\u00e7o o\u2026","rel":"","context":"In &quot;Cotidiano&quot;","block_context":{"text":"Cotidiano","link":"https:\/\/www.brincher.com.br\/blog\/category\/cotidiano\/"},"img":{"alt_text":"Al Hoda, comida libanesa vegana","src":"https:\/\/i0.wp.com\/www.brincher.com.br\/blog\/wp-content\/uploads\/2016\/09\/al_hoda_5.png?fit=1029%2C683&ssl=1&resize=350%2C200","width":350,"height":200,"srcset":"https:\/\/i0.wp.com\/www.brincher.com.br\/blog\/wp-content\/uploads\/2016\/09\/al_hoda_5.png?fit=1029%2C683&ssl=1&resize=350%2C200 1x, https:\/\/i0.wp.com\/www.brincher.com.br\/blog\/wp-content\/uploads\/2016\/09\/al_hoda_5.png?fit=1029%2C683&ssl=1&resize=525%2C300 1.5x, https:\/\/i0.wp.com\/www.brincher.com.br\/blog\/wp-content\/uploads\/2016\/09\/al_hoda_5.png?fit=1029%2C683&ssl=1&resize=700%2C400 2x"},"classes":[]},{"id":362,"url":"https:\/\/www.brincher.com.br\/blog\/2014\/07\/12\/minha-justificativa\/","url_meta":{"origin":372,"position":4},"title":"[ minha justificativa ]","author":"Sandro Brincher","date":"2014\/07\/12","format":false,"excerpt":"Ela segurou-a firme nas m\u00e3os, mas com alguma ternura. Olhou-a um pouco, deu dois tapinhas leves e esperou. Avermelhou levemente, foi-se avolumando, o sangue escuro preenchendo as grossas veias, que agora ficavam vistosas, ganhavam defini\u00e7\u00e3o, como se a superf\u00edcie da pele fosse um minimalista mapa hidrogr\u00e1fico. A enfermeira sorria. Segurava-a,\u2026","rel":"","context":"In &quot;Cotidiano&quot;","block_context":{"text":"Cotidiano","link":"https:\/\/www.brincher.com.br\/blog\/category\/cotidiano\/"},"img":{"alt_text":"veias","src":"https:\/\/i0.wp.com\/www.brincher.com.br\/blog\/wp-content\/uploads\/2014\/07\/veias.jpg?resize=350%2C200","width":350,"height":200,"srcset":"https:\/\/i0.wp.com\/www.brincher.com.br\/blog\/wp-content\/uploads\/2014\/07\/veias.jpg?resize=350%2C200 1x, https:\/\/i0.wp.com\/www.brincher.com.br\/blog\/wp-content\/uploads\/2014\/07\/veias.jpg?resize=525%2C300 1.5x"},"classes":[]},{"id":389,"url":"https:\/\/www.brincher.com.br\/blog\/2014\/09\/28\/4-dias-em-manaus-trechos-esparsos-de-um-relato-de-viagem\/","url_meta":{"origin":372,"position":5},"title":"4 dias em Manaus: trechos esparsos de um relato de viagem","author":"Sandro Brincher","date":"2014\/09\/28","format":false,"excerpt":"Em 2009, estive em Manaus para fazer o concurso para professor efetivo do curso de Letras da UFAM, campus Benjamin Constant. Considerando o objetivo, foi um investimento absolutamente mal empregado. Eu n\u00e3o havia estudado o suficiente e a concorr\u00eancia era fort\u00edssima. Por outro lado, conhecer a cidade foi uma bela\u2026","rel":"","context":"In &quot;Cotidiano&quot;","block_context":{"text":"Cotidiano","link":"https:\/\/www.brincher.com.br\/blog\/category\/cotidiano\/"},"img":{"alt_text":"P\u00c3\u00a1ginas do bloco de notas usado como di\u00c3\u00a1rio","src":"https:\/\/i0.wp.com\/www.brincher.com.br\/blog\/wp-content\/uploads\/2014\/09\/diarios-de-manaus.jpg?resize=350%2C200","width":350,"height":200,"srcset":"https:\/\/i0.wp.com\/www.brincher.com.br\/blog\/wp-content\/uploads\/2014\/09\/diarios-de-manaus.jpg?resize=350%2C200 1x, https:\/\/i0.wp.com\/www.brincher.com.br\/blog\/wp-content\/uploads\/2014\/09\/diarios-de-manaus.jpg?resize=525%2C300 1.5x"},"classes":[]}],"jetpack_likes_enabled":true,"jetpack_sharing_enabled":true,"_links":{"self":[{"href":"https:\/\/www.brincher.com.br\/blog\/wp-json\/wp\/v2\/posts\/372"}],"collection":[{"href":"https:\/\/www.brincher.com.br\/blog\/wp-json\/wp\/v2\/posts"}],"about":[{"href":"https:\/\/www.brincher.com.br\/blog\/wp-json\/wp\/v2\/types\/post"}],"author":[{"embeddable":true,"href":"https:\/\/www.brincher.com.br\/blog\/wp-json\/wp\/v2\/users\/1"}],"replies":[{"embeddable":true,"href":"https:\/\/www.brincher.com.br\/blog\/wp-json\/wp\/v2\/comments?post=372"}],"version-history":[{"count":4,"href":"https:\/\/www.brincher.com.br\/blog\/wp-json\/wp\/v2\/posts\/372\/revisions"}],"predecessor-version":[{"id":377,"href":"https:\/\/www.brincher.com.br\/blog\/wp-json\/wp\/v2\/posts\/372\/revisions\/377"}],"wp:attachment":[{"href":"https:\/\/www.brincher.com.br\/blog\/wp-json\/wp\/v2\/media?parent=372"}],"wp:term":[{"taxonomy":"category","embeddable":true,"href":"https:\/\/www.brincher.com.br\/blog\/wp-json\/wp\/v2\/categories?post=372"},{"taxonomy":"post_tag","embeddable":true,"href":"https:\/\/www.brincher.com.br\/blog\/wp-json\/wp\/v2\/tags?post=372"}],"curies":[{"name":"wp","href":"https:\/\/api.w.org\/{rel}","templated":true}]}}