{"id":400,"date":"2015-04-06T23:12:12","date_gmt":"2015-04-07T02:12:12","guid":{"rendered":"http:\/\/www.brincher.com.br\/blog\/?p=400"},"modified":"2015-04-06T23:45:28","modified_gmt":"2015-04-07T02:45:28","slug":"o-melhor-ano-da-minha-vida-ou-historia-de-algumas-caronas","status":"publish","type":"post","link":"https:\/\/www.brincher.com.br\/blog\/2015\/04\/06\/o-melhor-ano-da-minha-vida-ou-historia-de-algumas-caronas\/","title":{"rendered":"O melhor ano da minha vida  OU  Hist\u00f3ria de (alg)uma(s) carona(s)"},"content":{"rendered":"<p><strong>Nota<\/strong>: eu achei que tinha publicado\u00a0esse texto no fim do ano passado, mas minha postagem programada n\u00e3o funcionou e s\u00f3 me dei conta disso agora. A\u00ed vai, com atraso mesmo, porque 2014 mereceu.<\/p>\n<figure id=\"attachment_403\" aria-describedby=\"caption-attachment-403\" style=\"width: 474px\" class=\"wp-caption alignleft\"><a href=\"https:\/\/i0.wp.com\/www.brincher.com.br\/blog\/wp-content\/uploads\/2015\/04\/Walker_Evans_Hitchhidkers_Vicksburg_vicinity_March_1936.jpg\"><img data-attachment-id=\"403\" data-permalink=\"https:\/\/www.brincher.com.br\/blog\/2015\/04\/06\/o-melhor-ano-da-minha-vida-ou-historia-de-algumas-caronas\/walker_evans_hitchhidkers_vicksburg_vicinity_march_1936\/\" data-orig-file=\"https:\/\/i0.wp.com\/www.brincher.com.br\/blog\/wp-content\/uploads\/2015\/04\/Walker_Evans_Hitchhidkers_Vicksburg_vicinity_March_1936.jpg?fit=1500%2C1182&amp;ssl=1\" data-orig-size=\"1500,1182\" data-comments-opened=\"1\" data-image-meta=\"{&quot;aperture&quot;:&quot;0&quot;,&quot;credit&quot;:&quot;&quot;,&quot;camera&quot;:&quot;&quot;,&quot;caption&quot;:&quot;F&quot;,&quot;created_timestamp&quot;:&quot;0&quot;,&quot;copyright&quot;:&quot;&quot;,&quot;focal_length&quot;:&quot;0&quot;,&quot;iso&quot;:&quot;0&quot;,&quot;shutter_speed&quot;:&quot;0&quot;,&quot;title&quot;:&quot;&quot;,&quot;orientation&quot;:&quot;1&quot;}\" data-image-title=\"&#8220;Hitchhiking near Vicksburg, Mississippi in 1936&#8221;, fotografia de Walker Evans\" data-image-description=\"\" data-image-caption=\"&lt;p&gt;&#8220;Hitchhiking near Vicksburg, Mississippi in 1936&#8221;, fotografia de Walker Evans&lt;\/p&gt;\n\" data-medium-file=\"https:\/\/i0.wp.com\/www.brincher.com.br\/blog\/wp-content\/uploads\/2015\/04\/Walker_Evans_Hitchhidkers_Vicksburg_vicinity_March_1936.jpg?fit=300%2C236&amp;ssl=1\" data-large-file=\"https:\/\/i0.wp.com\/www.brincher.com.br\/blog\/wp-content\/uploads\/2015\/04\/Walker_Evans_Hitchhidkers_Vicksburg_vicinity_March_1936.jpg?fit=510%2C402&amp;ssl=1\" decoding=\"async\" loading=\"lazy\" class=\"size-large wp-image-403\" src=\"https:\/\/i0.wp.com\/www.brincher.com.br\/blog\/wp-content\/uploads\/2015\/04\/Walker_Evans_Hitchhidkers_Vicksburg_vicinity_March_1936.jpg?resize=474%2C374\" alt=\"&quot;Hitchhiking near Vicksburg, Mississippi in 1936&quot;, fotografia de Walker Evans\" width=\"474\" height=\"374\" srcset=\"https:\/\/i0.wp.com\/www.brincher.com.br\/blog\/wp-content\/uploads\/2015\/04\/Walker_Evans_Hitchhidkers_Vicksburg_vicinity_March_1936.jpg?resize=510%2C402&amp;ssl=1 510w, https:\/\/i0.wp.com\/www.brincher.com.br\/blog\/wp-content\/uploads\/2015\/04\/Walker_Evans_Hitchhidkers_Vicksburg_vicinity_March_1936.jpg?resize=300%2C236&amp;ssl=1 300w, https:\/\/i0.wp.com\/www.brincher.com.br\/blog\/wp-content\/uploads\/2015\/04\/Walker_Evans_Hitchhidkers_Vicksburg_vicinity_March_1936.jpg?w=1500&amp;ssl=1 1500w, https:\/\/i0.wp.com\/www.brincher.com.br\/blog\/wp-content\/uploads\/2015\/04\/Walker_Evans_Hitchhidkers_Vicksburg_vicinity_March_1936.jpg?w=1160 1160w\" sizes=\"(max-width: 474px) 100vw, 474px\" data-recalc-dims=\"1\" \/><\/a><figcaption id=\"caption-attachment-403\" class=\"wp-caption-text\">&#8220;Hitchhiking near Vicksburg, Mississippi in 1936&#8221;, fotografia de Walker Evans<\/figcaption><\/figure>\n<p class=\"western\" align=\"JUSTIFY\">Segundo meu &#8220;Livro de caronas&#8221; [um caderninho no qual eu anoto algo sobre as pessoas a quem dou carona], em <strong>2014<\/strong> eu recolhi pessoas de <strong>12 pa\u00edses<\/strong> [Argentina, Uruguay, Equador, Angola, Dinamarca, Finl\u00e2ndia, Alemanha, Inglaterra, Portugal, Austr\u00e1lia, Espanha e Rep\u00fablica Tcheca] e de <strong>10 estados brasileiros<\/strong> [RS, SC, PR, SP, MG, GO, BA, AP, MS, MT]. No total, foram <strong>76 pessoas<\/strong> diferentes. Entre elas, algumas eu levei mais de uma vez.<\/p>\n<p class=\"western\" align=\"JUSTIFY\">O caso mais curioso \u00e9 o de um cara que mora na Fortaleza da Barra [definitivamente o grande destino dos que embarcam comigo] a quem eu j\u00e1 dei carona <strong>12 vezes<\/strong> s\u00f3 neste ano. Numa quinta-feira, saindo duma reuni\u00e3o pedag\u00f3gica, as nuvens resolveram drenar seu conte\u00fado e jogaram tudo aqui pra baixo. Eu tava quase sem visibilidade e um carro na contram\u00e3o me fez encostar bem na cal\u00e7ada pra escapar da colis\u00e3o, a\u00ed o farol iluminou o ponto de \u00f4nibus uns 10 metros adiante. A figura me pareceu familiar. Parei o carro no ponto e o reconheci. &#8220;<em>E a\u00ed, v\u00e9io, queres carona<\/em>?&#8221;. Ele s\u00f3 n\u00e3o chorou porque n\u00e3o deixei.<\/p>\n<blockquote>\n<p class=\"western\" align=\"JUSTIFY\">&#8211; Poooooorra, irm\u00e3o! Eu tenho a impress\u00e3o de que se eu levantar as m\u00e3os pro c\u00e9u e pedir ajuda em qualquer lugar, tu aparece logo em seguida!<br \/>\n&#8211; Esse teu deus \u00e9 bem zoeiro, mandou logo um ateu, hahaha.<br \/>\n&#8211; Ah, ele tem seus m\u00e9todos, n\u00e9? hahahaha. Cara, t\u00f4 beba\u00e7o, sem grana e ainda dei um topa\u00e7o numa pedra antes de a chuva come\u00e7ar. Sentei no ponto, olhei pro ch\u00e3o e achei 5 reais. N\u00e3o deu 1 minuto, tu apareceu. Isso n\u00e3o \u00e9 um sinal divino?<br \/>\n&#8211; Olha&#8230; eu tenderia a achar que \u00e9 apenas sorte pra caralho. Eu tamb\u00e9m sou um cara de muita sorte, o que \u00e9 perigoso, porque me faz confiar apenas nela em alguns momentos.<br \/>\n&#8211; Ah, se eu dependesse da minha sorte&#8230; tava frito, irm\u00e3o.<br \/>\n&#8211; N\u00e3o \u00e9 o que eu t\u00f4 vendo. Quem sabe tu come\u00e7a a acreditar que esse \u00e9 o ano em que ela vai mudar.<br \/>\n&#8211; Deus te ou\u00e7a, deus te ou\u00e7a, mesmo tu n\u00e3o acreditando nele, hahahaha.<br \/>\n&#8211; Am\u00e9m! Hahahaha.<br \/>\n&#8211; Se n\u00e3o for pedir demais, bota aquele ska maneiro que tavas ouvindo o outro dia.<br \/>\n&#8211; \u00c9 pra j\u00e1!<\/p>\n<\/blockquote>\n<p><span class=\"embed-youtube\" style=\"text-align:center; display: block;\"><iframe loading=\"lazy\" class=\"youtube-player\" width=\"580\" height=\"327\" src=\"https:\/\/www.youtube.com\/embed\/EhGN7NksUpM?version=3&#038;rel=1&#038;showsearch=0&#038;showinfo=1&#038;iv_load_policy=1&#038;fs=1&#038;hl=en-US&#038;autohide=2&#038;wmode=transparent\" allowfullscreen=\"true\" style=\"border:0;\" sandbox=\"allow-scripts allow-same-origin allow-popups allow-presentation allow-popups-to-escape-sandbox\"><\/iframe><\/span><\/p>\n<p class=\"western\" align=\"JUSTIFY\">Coincid\u00eancia ou n\u00e3o, este foi um ano tamb\u00e9m para mim de muitas mudan\u00e7as. Nem todas foram pac\u00edficas, ben\u00e9ficas ou prazerosas. Por outro lado, aconteceram tantas coisas boas, pequenas coisas, que n\u00e3o h\u00e1 como n\u00e3o me sentir tentado a achar que este foi o melhor ano da minha vida. J\u00e1 houve tantos outros melhores anos da minha vida que eu poderia fazer uma modesta colet\u00e2nea deles. O que torna este em espec\u00edfico muito bom, entretanto, \u00e9 certamente a forma pela qual aprendi a olhar o mundo. Sentado aqui na varanda de casa, a Midi no puff ao meu lado, a bicicleta azul ali estacionada, meu viol\u00e3o sempre solid\u00e1rio com minha melancolia, as bananeiras carregadas e a chuvinha caindo de leve, n\u00e3o posso deixar de pensar nisso com gratid\u00e3o. N\u00e3o sou grato a nenhuma for\u00e7a superior, nenhum ser divino, nenhum esoterismo. Sou grato \u00e0s coisas como elas s\u00e3o, sem etiquetas, sem <i>position papers<\/i>, sem teses ou disserta\u00e7\u00f5es. Sou intransitivamente grato. Tenho todos os motivos para isso e fa\u00e7o quest\u00e3o de materializar esse reconhecimento na escrita. E obrigado pela leitura.<\/p>\n","protected":false},"excerpt":{"rendered":"<p>Nota: eu achei que tinha publicado\u00a0esse texto no fim do ano passado, mas minha postagem programada n\u00e3o funcionou e s\u00f3 me dei conta disso agora. A\u00ed vai, com atraso mesmo, porque 2014 mereceu. Segundo meu &#8220;Livro de caronas&#8221; [um caderninho no qual eu anoto algo sobre as pessoas a quem dou carona], em 2014 eu [&hellip;]<\/p>\n","protected":false},"author":1,"featured_media":403,"comment_status":"open","ping_status":"open","sticky":false,"template":"","format":"standard","meta":{"jetpack_post_was_ever_published":false,"_jetpack_newsletter_access":"","_jetpack_newsletter_tier_id":0,"jetpack_publicize_message":"","jetpack_is_tweetstorm":false,"jetpack_publicize_feature_enabled":true,"jetpack_social_post_already_shared":false,"jetpack_social_options":{"image_generator_settings":{"template":"highway","enabled":false}}},"categories":[18],"tags":[64,63,65,19,9],"jetpack_publicize_connections":[],"aioseo_notices":[],"jetpack_featured_media_url":"https:\/\/i0.wp.com\/www.brincher.com.br\/blog\/wp-content\/uploads\/2015\/04\/Walker_Evans_Hitchhidkers_Vicksburg_vicinity_March_1936.jpg?fit=1500%2C1182&ssl=1","jetpack_shortlink":"https:\/\/wp.me\/p7bdao-6s","jetpack-related-posts":[{"id":409,"url":"https:\/\/www.brincher.com.br\/blog\/2015\/07\/24\/pequena-mas-de-marca\/","url_meta":{"origin":400,"position":0},"title":"Pequena, mas de marca","author":"Sandro Brincher","date":"2015\/07\/24","format":false,"excerpt":"[Ontem \u00e0 noite; aproximadamente 22:30; Beira-mar norte; perto da entrada do Habib's]. Ouvi um barulho estranho e resolvi encostar o carro para ver o que era. T\u00e3o logo desci, um cidad\u00e3o se aproximou. Usava uma jaqueta jeans, uma cal\u00e7a de moletom preta, uns t\u00eanis bem detonados e uma mochila apoiada\u2026","rel":"","context":"In &quot;Cotidiano&quot;","block_context":{"text":"Cotidiano","link":"https:\/\/www.brincher.com.br\/blog\/category\/cotidiano\/"},"img":{"alt_text":"Kamejiro Senaga saindo da pris\u00e3o.","src":"https:\/\/i0.wp.com\/www.brincher.com.br\/blog\/wp-content\/uploads\/2015\/07\/Prison_Release_of_Kamejiro_Senaga.jpg?fit=538%2C366&ssl=1&resize=350%2C200","width":350,"height":200,"srcset":"https:\/\/i0.wp.com\/www.brincher.com.br\/blog\/wp-content\/uploads\/2015\/07\/Prison_Release_of_Kamejiro_Senaga.jpg?fit=538%2C366&ssl=1&resize=350%2C200 1x, https:\/\/i0.wp.com\/www.brincher.com.br\/blog\/wp-content\/uploads\/2015\/07\/Prison_Release_of_Kamejiro_Senaga.jpg?fit=538%2C366&ssl=1&resize=525%2C300 1.5x"},"classes":[]},{"id":506,"url":"https:\/\/www.brincher.com.br\/blog\/2017\/04\/22\/tres-semelhancas\/","url_meta":{"origin":400,"position":1},"title":"Tr\u00eas semelhan\u00e7as","author":"Sandro Brincher","date":"2017\/04\/22","format":false,"excerpt":"A atendente do restaurante, j\u00e1 quase terminando meu prato, come\u00e7a a conversa: -- Posso te perguntar uma coisa? -- Pode sim. -- Eu sou de S\u00e3o Lu\u00eds, sabe? -- Sei, claro. -- Ent\u00e3o, l\u00e1 tem uma banda chamada Tribo de Jah. -- Que nome interessante. \u00c9 banda de qu\u00ea? --\u2026","rel":"","context":"In &quot;Cotidiano&quot;","block_context":{"text":"Cotidiano","link":"https:\/\/www.brincher.com.br\/blog\/category\/cotidiano\/"},"img":{"alt_text":"http:\/\/www.1000dias.com\/ana\/inicio-do-inverno\/","src":"https:\/\/i0.wp.com\/www.brincher.com.br\/blog\/wp-content\/uploads\/2017\/04\/574-monumento-em-praia-de-sao-luis-ma-nikon-13183-e1492896934846.jpg?fit=572%2C317&ssl=1&resize=350%2C200","width":350,"height":200,"srcset":"https:\/\/i0.wp.com\/www.brincher.com.br\/blog\/wp-content\/uploads\/2017\/04\/574-monumento-em-praia-de-sao-luis-ma-nikon-13183-e1492896934846.jpg?fit=572%2C317&ssl=1&resize=350%2C200 1x, https:\/\/i0.wp.com\/www.brincher.com.br\/blog\/wp-content\/uploads\/2017\/04\/574-monumento-em-praia-de-sao-luis-ma-nikon-13183-e1492896934846.jpg?fit=572%2C317&ssl=1&resize=525%2C300 1.5x"},"classes":[]},{"id":362,"url":"https:\/\/www.brincher.com.br\/blog\/2014\/07\/12\/minha-justificativa\/","url_meta":{"origin":400,"position":2},"title":"[ minha justificativa ]","author":"Sandro Brincher","date":"2014\/07\/12","format":false,"excerpt":"Ela segurou-a firme nas m\u00e3os, mas com alguma ternura. Olhou-a um pouco, deu dois tapinhas leves e esperou. Avermelhou levemente, foi-se avolumando, o sangue escuro preenchendo as grossas veias, que agora ficavam vistosas, ganhavam defini\u00e7\u00e3o, como se a superf\u00edcie da pele fosse um minimalista mapa hidrogr\u00e1fico. A enfermeira sorria. Segurava-a,\u2026","rel":"","context":"In &quot;Cotidiano&quot;","block_context":{"text":"Cotidiano","link":"https:\/\/www.brincher.com.br\/blog\/category\/cotidiano\/"},"img":{"alt_text":"veias","src":"https:\/\/i0.wp.com\/www.brincher.com.br\/blog\/wp-content\/uploads\/2014\/07\/veias.jpg?resize=350%2C200","width":350,"height":200,"srcset":"https:\/\/i0.wp.com\/www.brincher.com.br\/blog\/wp-content\/uploads\/2014\/07\/veias.jpg?resize=350%2C200 1x, https:\/\/i0.wp.com\/www.brincher.com.br\/blog\/wp-content\/uploads\/2014\/07\/veias.jpg?resize=525%2C300 1.5x"},"classes":[]},{"id":493,"url":"https:\/\/www.brincher.com.br\/blog\/2017\/04\/03\/barbas-e-choques\/","url_meta":{"origin":400,"position":3},"title":"Barbas e choques","author":"Sandro Brincher","date":"2017\/04\/03","format":false,"excerpt":"Aluno da escola, mas n\u00e3o meu aluno, aproximadamente 10 anos, come\u00e7a o papo: -- Tu deixa essa barba assim pra chocar as pessoas? -- N\u00e3o, \u00e9 s\u00f3 porque eu gosto mesmo. -- S\u00f3 por isso? -- S\u00f3. -- Ah, que pena.","rel":"","context":"In &quot;Cotidiano&quot;","block_context":{"text":"Cotidiano","link":"https:\/\/www.brincher.com.br\/blog\/category\/cotidiano\/"},"img":{"alt_text":"ZZ Top","src":"https:\/\/i0.wp.com\/www.brincher.com.br\/blog\/wp-content\/uploads\/2017\/04\/zztop.jpg?fit=400%2C319&ssl=1&resize=350%2C200","width":350,"height":200},"classes":[]},{"id":472,"url":"https:\/\/www.brincher.com.br\/blog\/2016\/09\/16\/heineken-redencao\/","url_meta":{"origin":400,"position":4},"title":"Heineken; reden\u00e7\u00e3o","author":"Sandro Brincher","date":"2016\/09\/16","format":false,"excerpt":"Greve dos banc\u00e1rios. Estou h\u00e1 20 minutos mofando na fila da lot\u00e9rica de um shopping a fim de pagar umas contas. Com aquele Araketu maroto pipocando no fone, observo as pessoas que passam e, \u00e0 revelia do que a vida incita, tento me manter animado. \u00c9 o que fa\u00e7o o\u2026","rel":"","context":"In &quot;Cotidiano&quot;","block_context":{"text":"Cotidiano","link":"https:\/\/www.brincher.com.br\/blog\/category\/cotidiano\/"},"img":{"alt_text":"Al Hoda, comida libanesa vegana","src":"https:\/\/i0.wp.com\/www.brincher.com.br\/blog\/wp-content\/uploads\/2016\/09\/al_hoda_5.png?fit=1029%2C683&ssl=1&resize=350%2C200","width":350,"height":200,"srcset":"https:\/\/i0.wp.com\/www.brincher.com.br\/blog\/wp-content\/uploads\/2016\/09\/al_hoda_5.png?fit=1029%2C683&ssl=1&resize=350%2C200 1x, https:\/\/i0.wp.com\/www.brincher.com.br\/blog\/wp-content\/uploads\/2016\/09\/al_hoda_5.png?fit=1029%2C683&ssl=1&resize=525%2C300 1.5x, https:\/\/i0.wp.com\/www.brincher.com.br\/blog\/wp-content\/uploads\/2016\/09\/al_hoda_5.png?fit=1029%2C683&ssl=1&resize=700%2C400 2x"},"classes":[]},{"id":372,"url":"https:\/\/www.brincher.com.br\/blog\/2014\/08\/08\/licao-laconica\/","url_meta":{"origin":400,"position":5},"title":"[ li\u00e7\u00e3o lac\u00f4nica ]","author":"Sandro Brincher","date":"2014\/08\/08","format":false,"excerpt":"Eu tava cansado, com sono (culpa do show da Strindberg no Taliesyn na noite anterior), com fome e com rinite. Cheguei ao carro e me dei conta de que tinha esquecido a bolsa na sala dos professores. Voltei querendo explodir o mundo pela minha burrice. Quatro andares escada acima. Na\u2026","rel":"","context":"In &quot;Cotidiano&quot;","block_context":{"text":"Cotidiano","link":"https:\/\/www.brincher.com.br\/blog\/category\/cotidiano\/"},"img":{"alt_text":"empty school","src":"https:\/\/i0.wp.com\/www.brincher.com.br\/blog\/wp-content\/uploads\/2014\/08\/Empty_School_Hall_by_lightstars.jpg?resize=350%2C200","width":350,"height":200,"srcset":"https:\/\/i0.wp.com\/www.brincher.com.br\/blog\/wp-content\/uploads\/2014\/08\/Empty_School_Hall_by_lightstars.jpg?resize=350%2C200 1x, https:\/\/i0.wp.com\/www.brincher.com.br\/blog\/wp-content\/uploads\/2014\/08\/Empty_School_Hall_by_lightstars.jpg?resize=525%2C300 1.5x, https:\/\/i0.wp.com\/www.brincher.com.br\/blog\/wp-content\/uploads\/2014\/08\/Empty_School_Hall_by_lightstars.jpg?resize=700%2C400 2x"},"classes":[]}],"jetpack_likes_enabled":true,"jetpack_sharing_enabled":true,"_links":{"self":[{"href":"https:\/\/www.brincher.com.br\/blog\/wp-json\/wp\/v2\/posts\/400"}],"collection":[{"href":"https:\/\/www.brincher.com.br\/blog\/wp-json\/wp\/v2\/posts"}],"about":[{"href":"https:\/\/www.brincher.com.br\/blog\/wp-json\/wp\/v2\/types\/post"}],"author":[{"embeddable":true,"href":"https:\/\/www.brincher.com.br\/blog\/wp-json\/wp\/v2\/users\/1"}],"replies":[{"embeddable":true,"href":"https:\/\/www.brincher.com.br\/blog\/wp-json\/wp\/v2\/comments?post=400"}],"version-history":[{"count":6,"href":"https:\/\/www.brincher.com.br\/blog\/wp-json\/wp\/v2\/posts\/400\/revisions"}],"predecessor-version":[{"id":407,"href":"https:\/\/www.brincher.com.br\/blog\/wp-json\/wp\/v2\/posts\/400\/revisions\/407"}],"wp:featuredmedia":[{"embeddable":true,"href":"https:\/\/www.brincher.com.br\/blog\/wp-json\/wp\/v2\/media\/403"}],"wp:attachment":[{"href":"https:\/\/www.brincher.com.br\/blog\/wp-json\/wp\/v2\/media?parent=400"}],"wp:term":[{"taxonomy":"category","embeddable":true,"href":"https:\/\/www.brincher.com.br\/blog\/wp-json\/wp\/v2\/categories?post=400"},{"taxonomy":"post_tag","embeddable":true,"href":"https:\/\/www.brincher.com.br\/blog\/wp-json\/wp\/v2\/tags?post=400"}],"curies":[{"name":"wp","href":"https:\/\/api.w.org\/{rel}","templated":true}]}}