{"id":413,"date":"2015-11-02T21:05:59","date_gmt":"2015-11-03T00:05:59","guid":{"rendered":"http:\/\/www.brincher.com.br\/blog\/?p=413"},"modified":"2015-11-06T16:45:48","modified_gmt":"2015-11-06T19:45:48","slug":"niilismo-para-criancas","status":"publish","type":"post","link":"https:\/\/www.brincher.com.br\/blog\/2015\/11\/02\/niilismo-para-criancas\/","title":{"rendered":"Niilismo para crian\u00e7as (em li\u00e7\u00f5es simples e f\u00e1ceis de entender)"},"content":{"rendered":"<p>Di\u00e1logo presenciado ontem entre um pai e sua filha, de uns 7 anos, numa sorveteria:<\/p>\n<p><em>&#8211; Mas tu acha justo, filha, eu ficar assando a carne por horas e depois ter que ajudar a lavar a lou\u00e7a ainda? <\/em><br \/>\n<em>&#8211; Mas ela tamb\u00e9m trabalhou antes de assar a carne.<\/em><br \/>\n<em>&#8211; Olha, tem muita coisa de desigualdade ainda porque \u00e9 uma coisa hist\u00f3rica. As mulheres n\u00e3o tinham acesso \u00e0 educa\u00e7\u00e3o, a\u00ed foram ficando sempre com os trabalhos que pagavam menos. Mas esse neg\u00f3cio de o homem ficar assando a carne e a mulher lavando a lou\u00e7a \u00e9 diferente. Isso \u00e9 muito mais biol\u00f3gico do que cultural. <\/em><br \/>\n<em>&#8211; Biol\u00f3gico??? [ela realmente se espantou]<\/em><br \/>\n<em>&#8211; Sim. \u00c9 s\u00f3 ver o que acontece na natureza.<\/em><\/p>\n<p>Nesse momento, fiquei imaginando uma esquilinha [perdoem o neologismo] lavando as nozes que compraram no Macro [na promo\u00e7\u00e3o] enquanto o esquilinho coloca fogo no carv\u00e3o para come\u00e7ar o churrasquinho. Me ajudou a entender melhor a proposi\u00e7\u00e3o do nobre papai.<\/p>\n<p><em>&#8211; E te digo mais, filha. Todo mundo tem opini\u00f5es diferentes, mas o que \u00e9 errado \u00e9 a gente ser niilista com as nossas opini\u00f5es. Sabe o que \u00e9 niilista? <\/em><br \/>\n<em>&#8211; N\u00e3o sei.<\/em><br \/>\n<em>&#8211; \u00c9 extremista. N\u00e3o pode ser extremista, achar que s\u00f3 o que a gente pensa \u00e9 que est\u00e1 certo. <\/em><\/p>\n<p>Ela estava visivelmente pouco convencida pelas palavras do pai e seguiu firme em seu sorvete. J\u00e1 eu, mera testemunha, fui embora meio descrente no tal &#8220;progresso nas rela\u00e7\u00f5es de g\u00eanero&#8221; do qual se tem falado tanto, mas absolutamente firme na minha ideia niilista [ou seja, extremista] de que o certo mesmo \u00e9 n\u00e3o fazer churrasco de jeito nenhum.<br \/>\n\u202a#\u200eGoVegan\u202c<\/p>\n","protected":false},"excerpt":{"rendered":"<p>Di\u00e1logo presenciado ontem entre um pai e sua filha, de uns 7 anos, numa sorveteria: &#8211; Mas tu acha justo, filha, eu ficar assando a carne por horas e depois ter que ajudar a lavar a lou\u00e7a ainda? &#8211; Mas ela tamb\u00e9m trabalhou antes de assar a carne. &#8211; Olha, tem muita coisa de desigualdade [&hellip;]<\/p>\n","protected":false},"author":1,"featured_media":416,"comment_status":"open","ping_status":"open","sticky":false,"template":"","format":"standard","meta":{"jetpack_post_was_ever_published":false,"_jetpack_newsletter_access":"","_jetpack_newsletter_tier_id":0,"jetpack_publicize_message":"","jetpack_is_tweetstorm":false,"jetpack_publicize_feature_enabled":true,"jetpack_social_post_already_shared":false,"jetpack_social_options":{"image_generator_settings":{"template":"highway","enabled":false}}},"categories":[18,5],"tags":[22,9,62,59],"jetpack_publicize_connections":[],"aioseo_notices":[],"jetpack_featured_media_url":"https:\/\/i0.wp.com\/www.brincher.com.br\/blog\/wp-content\/uploads\/2015\/11\/hello-nietzsche1.jpg?fit=757%2C407&ssl=1","jetpack_shortlink":"https:\/\/wp.me\/p7bdao-6F","jetpack-related-posts":[{"id":534,"url":"https:\/\/www.brincher.com.br\/blog\/2018\/01\/14\/quatro-frases-uteis-em-amarico\/","url_meta":{"origin":413,"position":0},"title":"Quatro frases \u00fateis em Am\u00e1rico","author":"Sandro Brincher","date":"2018\/01\/14","format":false,"excerpt":"A companhia com a qual tenho viajado nas \u00faltimas 4 idas e vindas ao Brasil \u00e9 a Ethiopian Airlines. Eu poderia elogiar algumas coisas, como o menu vegano ou o infinito profissionalismo das comiss\u00e1rias de bordo - al\u00e9m da eleg\u00e2ncia de seus trajes \"t\u00edpicos\" e do sorriso absurdamente radiante das\u2026","rel":"","context":"In &quot;China&quot;","block_context":{"text":"China","link":"https:\/\/www.brincher.com.br\/blog\/category\/cotidiano\/china\/"},"img":{"alt_text":"Ethiopian girls","src":"https:\/\/i0.wp.com\/www.brincher.com.br\/blog\/wp-content\/uploads\/2018\/01\/IMG_7937.jpg?fit=1024%2C512&ssl=1&resize=350%2C200","width":350,"height":200,"srcset":"https:\/\/i0.wp.com\/www.brincher.com.br\/blog\/wp-content\/uploads\/2018\/01\/IMG_7937.jpg?fit=1024%2C512&ssl=1&resize=350%2C200 1x, https:\/\/i0.wp.com\/www.brincher.com.br\/blog\/wp-content\/uploads\/2018\/01\/IMG_7937.jpg?fit=1024%2C512&ssl=1&resize=525%2C300 1.5x, https:\/\/i0.wp.com\/www.brincher.com.br\/blog\/wp-content\/uploads\/2018\/01\/IMG_7937.jpg?fit=1024%2C512&ssl=1&resize=700%2C400 2x"},"classes":[]},{"id":467,"url":"https:\/\/www.brincher.com.br\/blog\/2016\/08\/12\/empreendedorismo-infantil-aula-1\/","url_meta":{"origin":413,"position":1},"title":"Empreendedorismo infantil, aula 1","author":"Sandro Brincher","date":"2016\/08\/12","format":false,"excerpt":"Tava tomando caf\u00e9 numa padariazinha aqui do centro e entraram dois moleques vendendo chocolates. Os dois muito bem apresentados, roupinha nos trinques, cabelio lambidinho pro lado e tudo. Venderam alguma coisa, mas as pessoas sempre olham com aquela cara desconfiada, puxam a bolsa pra mais perto do corpo, fingem que\u2026","rel":"","context":"In &quot;Cotidiano&quot;","block_context":{"text":"Cotidiano","link":"https:\/\/www.brincher.com.br\/blog\/category\/cotidiano\/"},"img":{"alt_text":"empreendedorismo-infantil.jpg","src":"https:\/\/i0.wp.com\/www.brincher.com.br\/blog\/wp-content\/uploads\/2016\/08\/empreendedorismo-infantil.jpg?fit=640%2C343&ssl=1&resize=350%2C200","width":350,"height":200,"srcset":"https:\/\/i0.wp.com\/www.brincher.com.br\/blog\/wp-content\/uploads\/2016\/08\/empreendedorismo-infantil.jpg?fit=640%2C343&ssl=1&resize=350%2C200 1x, https:\/\/i0.wp.com\/www.brincher.com.br\/blog\/wp-content\/uploads\/2016\/08\/empreendedorismo-infantil.jpg?fit=640%2C343&ssl=1&resize=525%2C300 1.5x"},"classes":[]},{"id":394,"url":"https:\/\/www.brincher.com.br\/blog\/2015\/03\/08\/sobre-o-dia-das-mulheres-digo-nada\/","url_meta":{"origin":413,"position":2},"title":"Sobre o Dia das Mulheres: digo nada","author":"Sandro Brincher","date":"2015\/03\/08","format":false,"excerpt":"CarOs amigOs, Ontem \u00e0 tarde, depois de um dia muito trabalhoso, resolvi escrever algumas coisas a respeito do Dia da Mulher e de como n\u00e3o h\u00e1 muito pra se \"comemorar\" nessa data [h\u00e1 muito, \u00f3bvio, para se discutir e sobre o que agir]. Digitei \"Mulher no Brasil\" no Google e\u2026","rel":"","context":"In &quot;Cotidiano&quot;","block_context":{"text":"Cotidiano","link":"https:\/\/www.brincher.com.br\/blog\/category\/cotidiano\/"},"img":{"alt_text":"\"Mulher no Brasil\", primeiros resultados de uma pesquisa no Google Imagens","src":"https:\/\/i0.wp.com\/www.brincher.com.br\/blog\/wp-content\/uploads\/2015\/03\/2015-03-08-1425835837_1580x783_scrot-510x252.png?resize=350%2C200","width":350,"height":200},"classes":[]},{"id":265,"url":"https:\/\/www.brincher.com.br\/blog\/2011\/01\/07\/o-harakiri-de-hirohito\/","url_meta":{"origin":413,"position":3},"title":"[ o harakiri de Hirohito ]","author":"Sandro Brincher","date":"2011\/01\/07","format":false,"excerpt":"Est\u00e1vamos \u00e0 mesa. Eu comia com pressa porque era meu anivers\u00e1rio e, depois do bolo e do insuport\u00e1vel \"Parab\u00e9ns a voc\u00ea\", ganhava passe livre pelo resto do dia. Podia ir aonde quisesse, voltar na hora que quisesse. Era como um rito de desprendimento dos grilh\u00f5es familiares que minha m\u00e3e havia\u2026","rel":"","context":"In &quot;Textos&quot;","block_context":{"text":"Textos","link":"https:\/\/www.brincher.com.br\/blog\/category\/textos\/"},"img":{"alt_text":"","src":"","width":0,"height":0},"classes":[]},{"id":409,"url":"https:\/\/www.brincher.com.br\/blog\/2015\/07\/24\/pequena-mas-de-marca\/","url_meta":{"origin":413,"position":4},"title":"Pequena, mas de marca","author":"Sandro Brincher","date":"2015\/07\/24","format":false,"excerpt":"[Ontem \u00e0 noite; aproximadamente 22:30; Beira-mar norte; perto da entrada do Habib's]. Ouvi um barulho estranho e resolvi encostar o carro para ver o que era. T\u00e3o logo desci, um cidad\u00e3o se aproximou. Usava uma jaqueta jeans, uma cal\u00e7a de moletom preta, uns t\u00eanis bem detonados e uma mochila apoiada\u2026","rel":"","context":"In &quot;Cotidiano&quot;","block_context":{"text":"Cotidiano","link":"https:\/\/www.brincher.com.br\/blog\/category\/cotidiano\/"},"img":{"alt_text":"Kamejiro Senaga saindo da pris\u00e3o.","src":"https:\/\/i0.wp.com\/www.brincher.com.br\/blog\/wp-content\/uploads\/2015\/07\/Prison_Release_of_Kamejiro_Senaga.jpg?fit=538%2C366&ssl=1&resize=350%2C200","width":350,"height":200,"srcset":"https:\/\/i0.wp.com\/www.brincher.com.br\/blog\/wp-content\/uploads\/2015\/07\/Prison_Release_of_Kamejiro_Senaga.jpg?fit=538%2C366&ssl=1&resize=350%2C200 1x, https:\/\/i0.wp.com\/www.brincher.com.br\/blog\/wp-content\/uploads\/2015\/07\/Prison_Release_of_Kamejiro_Senaga.jpg?fit=538%2C366&ssl=1&resize=525%2C300 1.5x"},"classes":[]},{"id":247,"url":"https:\/\/www.brincher.com.br\/blog\/2010\/09\/23\/medusa\/","url_meta":{"origin":413,"position":5},"title":"[ medusa ]","author":"Sandro Brincher","date":"2010\/09\/23","format":false,"excerpt":"Eu tinha certeza do que aconteceria quando eu encontrasse a mulher mais linda do mundo. Foi hoje. Ela estava no ponto do \u00f4nibus; ouvia m\u00fasica no fone e sorria. Subiu primeiro e sentou-se. Tomei lugar num banco ligeiramente \u00e0 frente, na fileira do lado oposto, assim poderia observ\u00e1-la pelo reflexo\u2026","rel":"","context":"In &quot;Textos&quot;","block_context":{"text":"Textos","link":"https:\/\/www.brincher.com.br\/blog\/category\/textos\/"},"img":{"alt_text":"","src":"","width":0,"height":0},"classes":[]}],"jetpack_likes_enabled":true,"jetpack_sharing_enabled":true,"_links":{"self":[{"href":"https:\/\/www.brincher.com.br\/blog\/wp-json\/wp\/v2\/posts\/413"}],"collection":[{"href":"https:\/\/www.brincher.com.br\/blog\/wp-json\/wp\/v2\/posts"}],"about":[{"href":"https:\/\/www.brincher.com.br\/blog\/wp-json\/wp\/v2\/types\/post"}],"author":[{"embeddable":true,"href":"https:\/\/www.brincher.com.br\/blog\/wp-json\/wp\/v2\/users\/1"}],"replies":[{"embeddable":true,"href":"https:\/\/www.brincher.com.br\/blog\/wp-json\/wp\/v2\/comments?post=413"}],"version-history":[{"count":2,"href":"https:\/\/www.brincher.com.br\/blog\/wp-json\/wp\/v2\/posts\/413\/revisions"}],"predecessor-version":[{"id":417,"href":"https:\/\/www.brincher.com.br\/blog\/wp-json\/wp\/v2\/posts\/413\/revisions\/417"}],"wp:featuredmedia":[{"embeddable":true,"href":"https:\/\/www.brincher.com.br\/blog\/wp-json\/wp\/v2\/media\/416"}],"wp:attachment":[{"href":"https:\/\/www.brincher.com.br\/blog\/wp-json\/wp\/v2\/media?parent=413"}],"wp:term":[{"taxonomy":"category","embeddable":true,"href":"https:\/\/www.brincher.com.br\/blog\/wp-json\/wp\/v2\/categories?post=413"},{"taxonomy":"post_tag","embeddable":true,"href":"https:\/\/www.brincher.com.br\/blog\/wp-json\/wp\/v2\/tags?post=413"}],"curies":[{"name":"wp","href":"https:\/\/api.w.org\/{rel}","templated":true}]}}