{"id":445,"date":"2016-06-24T23:27:11","date_gmt":"2016-06-25T02:27:11","guid":{"rendered":"http:\/\/www.brincher.com.br\/blog\/?p=445"},"modified":"2016-07-16T12:11:51","modified_gmt":"2016-07-16T15:11:51","slug":"abre-te-sesamo","status":"publish","type":"post","link":"https:\/\/www.brincher.com.br\/blog\/2016\/06\/24\/abre-te-sesamo\/","title":{"rendered":"Abre-te, S\u00e9samo!"},"content":{"rendered":"<p style=\"text-align: left;\">&#8220;Um copo d&#8217;\u00e1gua n\u00e3o se nega a ningu\u00e9m&#8221;, diz um ancestral axioma. H\u00e1 quem mui maliciosamente adicione &#8220;um boquete&#8221; \u00e0 f\u00f3rmula, mas a\u00ed j\u00e1 \u00e9 pura inven\u00e7\u00e3o modernosa. Apesar de acreditar que o ditado est\u00e1 completo apenas com \u00e1gua, ontem algo sucedeu que me fez pensar em um companheiro digno para ela nesse pante\u00e3o dos favores ineg\u00e1veis.<br \/>\nEstava terminando os \u00faltimos detalhes para a apresenta\u00e7\u00e3o dos jogos que produzimos durante o semestre no curso de games do Senai quando ouvi um bater de palmas. Abri a janela e vi um sujeito l\u00e1 parado. Ele tinha cerca de 1,70, era meio gordinho, calvo e usava \u00f3culos. Trajava um conjunto de moletom cinzento bem surrado, mas limpo. N\u00e3o parecia nenhum junkie desesperado querendo dinheiro, comida, cigarro, enfim. Parecia mais uma pessoa transtornada, nervosa, a quem alguma fatalidade recente tivesse atingido. Na extremidade de seus bra\u00e7os, largados rentes ao corpo, viam-se agitar freneticamente as m\u00e3os. Atendi-o.<\/p>\n<p style=\"text-align: left;\">&#8212; Boa tarde. Pois n\u00e3o?<br \/>\n&#8212; Boa tarde. Por favor, por favor, ser\u00e1 que voc\u00ea poderia me emprestar o banheiro?<\/p>\n<p style=\"text-align: left;\">Acho que \u00e9 normal que acontecimentos que fujam a uma suposta normalidade das coisas nos deixem um pouco at\u00f4nitos por alguns instantes. \u00c9 o c\u00e9rebro querendo organizar a repentina desordem instaurada para manter o equil\u00edbrio do universo. Passado esse pequeno desconcerto do mundo, essa tela azul da exist\u00eancia real, retomei a conversa.<\/p>\n<p style=\"text-align: left;\">&#8212; Como assim?<br \/>\n&#8212; \u00c9 que eu moro um pouco longe, l\u00e1 no finalz\u00e3o dessa rua, e estou com muita vontade de defecar. T\u00f4 com muito medo de n\u00e3o conseguir chegar em casa e me cagar todo.<\/p>\n<p style=\"text-align: left;\">Ele estava bastante nervoso. As m\u00e3os sacudiam ainda mais e a voz soava meio embargada. Disse a ele que esperasse um pouquinho e fui falar com a m\u00e3e, que mora nos fundos. Pela descri\u00e7\u00e3o, ela imaginou que se tratava de um homem que sempre passava por ali e aparentava sequelas de algum derrame ou algo do tipo.<\/p>\n<p style=\"text-align: left;\">&#8212; Deixa ele usar o 9 [um dos kitchenettes que ela aluga]. Pega aqui a chave.<\/p>\n<p style=\"text-align: left;\">Fui at\u00e9 a frente e o cara j\u00e1 estava intimando outros inquilinos, mas sem sucesso. No p\u00e1tio ao lado, onde um grupo de amigos fazia churrasco, ouviam-se piadas sobre o ocorrido. Levei-o at\u00e9 seu tempor\u00e1rio o\u00e1sis, entreguei um rolo de papel higi\u00eanico e sa\u00ed.<br \/>\nPassaram-se muitos minutos. Fiquei preocupado e fui l\u00e1 averiguar.<\/p>\n<p style=\"text-align: left;\">&#8212; E a\u00ed, tudo bem? &#8211; Perguntei da porta.<br \/>\nEle confirmou que sim, mas acrescentou:<br \/>\n&#8212; Sabe o que \u00e9? \u00c9 que est\u00e1 meio dif\u00edcil&#8230;<br \/>\n&#8212; OK, fica \u00e0 vontade. Quando acabar, chama a gente.<\/p>\n<p style=\"text-align: left;\">Em seguida saiu. A express\u00e3o dele era a de um m\u00e1rtir. Sorriu um sorriso largo, olhou no fundo dos nossos olhos, agradeceu e foi embora.<br \/>\nEu poderia, depois dessa \u00e9pica narrativa toda, dizer que aprendi alguma coisa sobre compaix\u00e3o, sobre alteridade ou sobre coragem, mas n\u00e3o. Aprendi uma coisa mais simples, mas bem efetiva: h\u00e1 coisas neste mundo que, quando batem \u00e0 sua portinha, n\u00e3o podem ser reprimidas. Hoje algu\u00e9m clama \u00e0 nossa janela. Amanh\u00e3, quem sabe, n\u00e3o somos n\u00f3s fazendo cosplay do Lagreca [Hermes &amp; Renato] no port\u00e3o de algu\u00e9m?<\/p>\n","protected":false},"excerpt":{"rendered":"<p>&#8220;Um copo d&#8217;\u00e1gua n\u00e3o se nega a ningu\u00e9m&#8221;, diz um ancestral axioma. H\u00e1 quem mui maliciosamente adicione &#8220;um boquete&#8221; \u00e0 f\u00f3rmula, mas a\u00ed j\u00e1 \u00e9 pura inven\u00e7\u00e3o modernosa. Apesar de acreditar que o ditado est\u00e1 completo apenas com \u00e1gua, ontem algo sucedeu que me fez pensar em um companheiro digno para ela nesse pante\u00e3o dos [&hellip;]<\/p>\n","protected":false},"author":1,"featured_media":447,"comment_status":"open","ping_status":"open","sticky":false,"template":"","format":"standard","meta":{"jetpack_post_was_ever_published":false,"_jetpack_newsletter_access":"","_jetpack_newsletter_tier_id":0,"jetpack_publicize_message":"","jetpack_is_tweetstorm":false,"jetpack_publicize_feature_enabled":true,"jetpack_social_post_already_shared":true,"jetpack_social_options":{"image_generator_settings":{"template":"highway","enabled":false}}},"categories":[18,5],"tags":[19,9],"jetpack_publicize_connections":[],"aioseo_notices":[],"jetpack_featured_media_url":"https:\/\/i0.wp.com\/www.brincher.com.br\/blog\/wp-content\/uploads\/2016\/06\/trainspotting-2.jpg?fit=1280%2C720&ssl=1","jetpack_shortlink":"https:\/\/wp.me\/p7bdao-7b","jetpack-related-posts":[{"id":400,"url":"https:\/\/www.brincher.com.br\/blog\/2015\/04\/06\/o-melhor-ano-da-minha-vida-ou-historia-de-algumas-caronas\/","url_meta":{"origin":445,"position":0},"title":"O melhor ano da minha vida  OU  Hist\u00f3ria de (alg)uma(s) carona(s)","author":"Sandro Brincher","date":"2015\/04\/06","format":false,"excerpt":"Nota: eu achei que tinha publicado\u00a0esse texto no fim do ano passado, mas minha postagem programada n\u00e3o funcionou e s\u00f3 me dei conta disso agora. A\u00ed vai, com atraso mesmo, porque 2014 mereceu. Segundo meu \"Livro de caronas\" [um caderninho no qual eu anoto algo sobre as pessoas a quem\u2026","rel":"","context":"In &quot;Cotidiano&quot;","block_context":{"text":"Cotidiano","link":"https:\/\/www.brincher.com.br\/blog\/category\/cotidiano\/"},"img":{"alt_text":"\"Hitchhiking near Vicksburg, Mississippi in 1936\", fotografia de Walker Evans","src":"https:\/\/i0.wp.com\/www.brincher.com.br\/blog\/wp-content\/uploads\/2015\/04\/Walker_Evans_Hitchhidkers_Vicksburg_vicinity_March_1936.jpg?fit=1200%2C946&ssl=1&resize=350%2C200","width":350,"height":200,"srcset":"https:\/\/i0.wp.com\/www.brincher.com.br\/blog\/wp-content\/uploads\/2015\/04\/Walker_Evans_Hitchhidkers_Vicksburg_vicinity_March_1936.jpg?fit=1200%2C946&ssl=1&resize=350%2C200 1x, https:\/\/i0.wp.com\/www.brincher.com.br\/blog\/wp-content\/uploads\/2015\/04\/Walker_Evans_Hitchhidkers_Vicksburg_vicinity_March_1936.jpg?fit=1200%2C946&ssl=1&resize=525%2C300 1.5x, https:\/\/i0.wp.com\/www.brincher.com.br\/blog\/wp-content\/uploads\/2015\/04\/Walker_Evans_Hitchhidkers_Vicksburg_vicinity_March_1936.jpg?fit=1200%2C946&ssl=1&resize=700%2C400 2x, https:\/\/i0.wp.com\/www.brincher.com.br\/blog\/wp-content\/uploads\/2015\/04\/Walker_Evans_Hitchhidkers_Vicksburg_vicinity_March_1936.jpg?fit=1200%2C946&ssl=1&resize=1050%2C600 3x"},"classes":[]},{"id":571,"url":"https:\/\/www.brincher.com.br\/blog\/2018\/11\/28\/os-domicilios\/","url_meta":{"origin":445,"position":1},"title":"Os domic\u00edlios","author":"Sandro Brincher","date":"2018\/11\/28","format":false,"excerpt":"- Voc\u00ea pensa em morrer aqui, Sandro? A pergunta me pegou de surpresa.","rel":"","context":"In &quot;China&quot;","block_context":{"text":"China","link":"https:\/\/www.brincher.com.br\/blog\/category\/cotidiano\/china\/"},"img":{"alt_text":"Macau Waterfront at Night","src":"https:\/\/i0.wp.com\/www.brincher.com.br\/blog\/wp-content\/uploads\/2018\/11\/Macau_Image.jpg?fit=1024%2C683&ssl=1&resize=350%2C200","width":350,"height":200,"srcset":"https:\/\/i0.wp.com\/www.brincher.com.br\/blog\/wp-content\/uploads\/2018\/11\/Macau_Image.jpg?fit=1024%2C683&ssl=1&resize=350%2C200 1x, https:\/\/i0.wp.com\/www.brincher.com.br\/blog\/wp-content\/uploads\/2018\/11\/Macau_Image.jpg?fit=1024%2C683&ssl=1&resize=525%2C300 1.5x, https:\/\/i0.wp.com\/www.brincher.com.br\/blog\/wp-content\/uploads\/2018\/11\/Macau_Image.jpg?fit=1024%2C683&ssl=1&resize=700%2C400 2x"},"classes":[]},{"id":362,"url":"https:\/\/www.brincher.com.br\/blog\/2014\/07\/12\/minha-justificativa\/","url_meta":{"origin":445,"position":2},"title":"[ minha justificativa ]","author":"Sandro Brincher","date":"2014\/07\/12","format":false,"excerpt":"Ela segurou-a firme nas m\u00e3os, mas com alguma ternura. Olhou-a um pouco, deu dois tapinhas leves e esperou. Avermelhou levemente, foi-se avolumando, o sangue escuro preenchendo as grossas veias, que agora ficavam vistosas, ganhavam defini\u00e7\u00e3o, como se a superf\u00edcie da pele fosse um minimalista mapa hidrogr\u00e1fico. A enfermeira sorria. Segurava-a,\u2026","rel":"","context":"In &quot;Cotidiano&quot;","block_context":{"text":"Cotidiano","link":"https:\/\/www.brincher.com.br\/blog\/category\/cotidiano\/"},"img":{"alt_text":"veias","src":"https:\/\/i0.wp.com\/www.brincher.com.br\/blog\/wp-content\/uploads\/2014\/07\/veias.jpg?resize=350%2C200","width":350,"height":200,"srcset":"https:\/\/i0.wp.com\/www.brincher.com.br\/blog\/wp-content\/uploads\/2014\/07\/veias.jpg?resize=350%2C200 1x, https:\/\/i0.wp.com\/www.brincher.com.br\/blog\/wp-content\/uploads\/2014\/07\/veias.jpg?resize=525%2C300 1.5x"},"classes":[]},{"id":409,"url":"https:\/\/www.brincher.com.br\/blog\/2015\/07\/24\/pequena-mas-de-marca\/","url_meta":{"origin":445,"position":3},"title":"Pequena, mas de marca","author":"Sandro Brincher","date":"2015\/07\/24","format":false,"excerpt":"[Ontem \u00e0 noite; aproximadamente 22:30; Beira-mar norte; perto da entrada do Habib's]. Ouvi um barulho estranho e resolvi encostar o carro para ver o que era. T\u00e3o logo desci, um cidad\u00e3o se aproximou. Usava uma jaqueta jeans, uma cal\u00e7a de moletom preta, uns t\u00eanis bem detonados e uma mochila apoiada\u2026","rel":"","context":"In &quot;Cotidiano&quot;","block_context":{"text":"Cotidiano","link":"https:\/\/www.brincher.com.br\/blog\/category\/cotidiano\/"},"img":{"alt_text":"Kamejiro Senaga saindo da pris\u00e3o.","src":"https:\/\/i0.wp.com\/www.brincher.com.br\/blog\/wp-content\/uploads\/2015\/07\/Prison_Release_of_Kamejiro_Senaga.jpg?fit=538%2C366&ssl=1&resize=350%2C200","width":350,"height":200,"srcset":"https:\/\/i0.wp.com\/www.brincher.com.br\/blog\/wp-content\/uploads\/2015\/07\/Prison_Release_of_Kamejiro_Senaga.jpg?fit=538%2C366&ssl=1&resize=350%2C200 1x, https:\/\/i0.wp.com\/www.brincher.com.br\/blog\/wp-content\/uploads\/2015\/07\/Prison_Release_of_Kamejiro_Senaga.jpg?fit=538%2C366&ssl=1&resize=525%2C300 1.5x"},"classes":[]},{"id":284,"url":"https:\/\/www.brincher.com.br\/blog\/2013\/12\/29\/essenciais-e-imperdiveis\/","url_meta":{"origin":445,"position":4},"title":"Essenciais e imperd\u00edveis","author":"Sandro Brincher","date":"2013\/12\/29","format":false,"excerpt":"A historinha de hoje \u00e9 sobre um rapaz que queria, mas n\u00e3o podia. Aproveitando a mega promo\u00e7\u00e3o de fim de ano da Cosac Naify, o cidad\u00e3o faz aquela lista dos sonhos, s\u00f3 pra sentir como \u00e9 ter um ZoeiraCard [sem limites]. Depois de selecionar s\u00f3 os \"essenciais\" e os \"imperd\u00edveis\",\u2026","rel":"","context":"In &quot;Cotidiano&quot;","block_context":{"text":"Cotidiano","link":"https:\/\/www.brincher.com.br\/blog\/category\/cotidiano\/"},"img":{"alt_text":"","src":"","width":0,"height":0},"classes":[]},{"id":420,"url":"https:\/\/www.brincher.com.br\/blog\/2016\/01\/01\/j-d-salinger-e-a-inteligencia-alheia\/","url_meta":{"origin":445,"position":5},"title":"J. D. Salinger e a intelig\u00eancia alheia","author":"Sandro Brincher","date":"2016\/01\/01","format":false,"excerpt":"Hoje \u00e9 anivers\u00e1rio de J. D. Salinger [1\/jan\/1919 - 27\/jan\/2010]\u200b, o mais capricorniano dos escritores. Foi depois de ler seu aclamado romance \u201cO apanhador no campo de centeio\u201d que me dei conta de que eu n\u00e3o era inteligente, era s\u00f3 um cara com meia d\u00fazia de refer\u00eancias e uma boa\u2026","rel":"","context":"In &quot;Cotidiano&quot;","block_context":{"text":"Cotidiano","link":"https:\/\/www.brincher.com.br\/blog\/category\/cotidiano\/"},"img":{"alt_text":"J.D. Salinger e seu cachorrinho. Cr\u00e9ditos: Paul Fitzgerald\/The Story Factory","src":"https:\/\/i0.wp.com\/www.brincher.com.br\/blog\/wp-content\/uploads\/2016\/01\/JD-Salinger-010.jpg?fit=620%2C372&ssl=1&resize=350%2C200","width":350,"height":200,"srcset":"https:\/\/i0.wp.com\/www.brincher.com.br\/blog\/wp-content\/uploads\/2016\/01\/JD-Salinger-010.jpg?fit=620%2C372&ssl=1&resize=350%2C200 1x, https:\/\/i0.wp.com\/www.brincher.com.br\/blog\/wp-content\/uploads\/2016\/01\/JD-Salinger-010.jpg?fit=620%2C372&ssl=1&resize=525%2C300 1.5x"},"classes":[]}],"jetpack_likes_enabled":true,"jetpack_sharing_enabled":true,"_links":{"self":[{"href":"https:\/\/www.brincher.com.br\/blog\/wp-json\/wp\/v2\/posts\/445"}],"collection":[{"href":"https:\/\/www.brincher.com.br\/blog\/wp-json\/wp\/v2\/posts"}],"about":[{"href":"https:\/\/www.brincher.com.br\/blog\/wp-json\/wp\/v2\/types\/post"}],"author":[{"embeddable":true,"href":"https:\/\/www.brincher.com.br\/blog\/wp-json\/wp\/v2\/users\/1"}],"replies":[{"embeddable":true,"href":"https:\/\/www.brincher.com.br\/blog\/wp-json\/wp\/v2\/comments?post=445"}],"version-history":[{"count":3,"href":"https:\/\/www.brincher.com.br\/blog\/wp-json\/wp\/v2\/posts\/445\/revisions"}],"predecessor-version":[{"id":456,"href":"https:\/\/www.brincher.com.br\/blog\/wp-json\/wp\/v2\/posts\/445\/revisions\/456"}],"wp:featuredmedia":[{"embeddable":true,"href":"https:\/\/www.brincher.com.br\/blog\/wp-json\/wp\/v2\/media\/447"}],"wp:attachment":[{"href":"https:\/\/www.brincher.com.br\/blog\/wp-json\/wp\/v2\/media?parent=445"}],"wp:term":[{"taxonomy":"category","embeddable":true,"href":"https:\/\/www.brincher.com.br\/blog\/wp-json\/wp\/v2\/categories?post=445"},{"taxonomy":"post_tag","embeddable":true,"href":"https:\/\/www.brincher.com.br\/blog\/wp-json\/wp\/v2\/tags?post=445"}],"curies":[{"name":"wp","href":"https:\/\/api.w.org\/{rel}","templated":true}]}}