{"id":451,"date":"2016-07-16T11:55:10","date_gmt":"2016-07-16T14:55:10","guid":{"rendered":"http:\/\/www.brincher.com.br\/blog\/?p=451"},"modified":"2016-07-16T12:05:53","modified_gmt":"2016-07-16T15:05:53","slug":"outras-dermatoses","status":"publish","type":"post","link":"https:\/\/www.brincher.com.br\/blog\/2016\/07\/16\/outras-dermatoses\/","title":{"rendered":"Outras dermatoses"},"content":{"rendered":"<p>A\u00ed o cara vai fazer um exame dermatol\u00f3gico numa policl\u00ednica p\u00fablica. A mo\u00e7a chama o nome dele. Ele entra, ela tranca a porta, senta e come\u00e7a a explicar o procedimento:<br \/>\n\u2014 Algu\u00e9m j\u00e1 te disse como se faz esse exame?<br \/>\n\u2014 N\u00e3o, ningu\u00e9m.<br \/>\n\u2014 \u00c9 bem simples. S\u00e3o fotos. Se na tua requisi\u00e7\u00e3o disser, por exemplo, dermatose no bra\u00e7o ou na perna, tiramos a foto do bra\u00e7o ou da perna.<br \/>\n\u2014 Parece justo.<br \/>\n\u2014 Mas se disser &#8220;outras dermatoses&#8221;, a\u00ed \u00e9 de corpo inteiro. Mas pode ficar de cueca ou de sunga.<br \/>\n\u2014 Sunga eu n\u00e3o trouxe, n\u00e3o sou exatamente o cara mais prevenido do mundo, n\u00e9? Que pensa &#8220;buenas, vou fazer um exame dermatol\u00f3gico; levo a carteira do SUS, uma banana de lanche e uma sunga, s\u00f3 pra garantir&#8221;, mas a cueca t\u00e1 a postos.<br \/>\n\u2014 Hahaha, voc\u00ea \u00e9 engra\u00e7ado. Mas vamos l\u00e1. Deixa eu ver aqui&#8230; \u00f3, t\u00e1 vendo aqui na tela? &#8220;Outras dermatoses&#8221;.<br \/>\n\u2014 Mas ali no bonequinho tem s\u00f3 2 pontos marcados no bra\u00e7o esquerdo, que \u00e9 onde apareceu essa alergia&#8230;<br \/>\n\u2014 Sim, mas ali diz &#8220;Outras dermatoses&#8221;. A\u00ed \u00e9 como te falei&#8230;<br \/>\n\u2014 Corpo inteiro, entendi.<br \/>\n\u2014 Isso mesmo. Ent\u00e3o pode tirar e ficar em p\u00e9 ali naquele tapetinho.<br \/>\nTirei a camisa e fui. Ela foi r\u00e1pida:<br \/>\n\u2014 A cal\u00e7a tamb\u00e9m.<br \/>\nA essa altura, j\u00e1 sem camisa, sem t\u00eanis e sem dignidade, a cal\u00e7a era o de menos. Foi-se.<br \/>\nEla pegou a c\u00e2mera, uma Sony Cyber Shot DSC-W800, parou \u00e0 minha frente, focou bem e bateu a foto.<br \/>\n\u2014 Fica tranquilo, a cabe\u00e7a n\u00e3o aparece.<br \/>\n\u2014 Juro que nem pensei nisso.<br \/>\n\u2014 Agora vira de costas.<br \/>\nVirei. Ela clicou e disse:<br \/>\n\u2014 Ok, pode virar de novo. S\u00f3 um minuto.<br \/>\nAnexou algo parecido a uma pequena lanterna \u00e0 m\u00e1quina, s\u00f3 que com uma l\u00e2mina quadrada de vidro na ponta. Passou um gel daquele que se usa em ultrassonografias na tal l\u00e2mina, veio at\u00e9 mim, encostou no ponto 1 do bra\u00e7o, bateu a foto, encostou no ponto 2, bateu a foto. Conferiu no visor e deu alta:<br \/>\n\u2014 Ok, pode se vestir.<br \/>\nConfirmou a data em que minha m\u00e9dica receberia os resultados e a partir da qual eu poderia marcar a consulta de retorno. Destrancou a porta, abriu-a e sa\u00ed.<br \/>\nDemorei alguns minutos para processar tudo. Por que raios aquelas fotos de frente e de costas se o bagulho era no bra\u00e7o? Na mesma hora me veio \u00e0 mente a imagem dela abrindo o Whatsapp e enviando as fotos com a legenda &#8220;sofrendo na firma&#8221;, &#8220;dia corrido na reparti\u00e7\u00e3o&#8221; ou &#8220;cueca preta, minha favorita&#8221;. A m\u00e9dica solicitante do exame responderia &#8220;esse a\u00ed eu manjo kkk&#8221;. Outra diria &#8220;aff, e eu aqui em casa morrendo de t\u00e9dio&#8221;. Todas ririam, mas em poucas horas outro desafortunado entraria no feed e eu [sem cabe\u00e7a, pelo menos] seria esquecido.<br \/>\nO nome do grupo? &#8220;Outras dermatoses&#8221;, tenho certeza.<\/p>\n","protected":false},"excerpt":{"rendered":"<p>A\u00ed o cara vai fazer um exame dermatol\u00f3gico numa policl\u00ednica p\u00fablica. A mo\u00e7a chama o nome dele. Ele entra, ela tranca a porta, senta e come\u00e7a a explicar o procedimento: \u2014 Algu\u00e9m j\u00e1 te disse como se faz esse exame? \u2014 N\u00e3o, ningu\u00e9m. \u2014 \u00c9 bem simples. S\u00e3o fotos. Se na tua requisi\u00e7\u00e3o disser, por [&hellip;]<\/p>\n","protected":false},"author":1,"featured_media":454,"comment_status":"open","ping_status":"open","sticky":false,"template":"","format":"standard","meta":{"jetpack_post_was_ever_published":false,"_jetpack_newsletter_access":"","_jetpack_newsletter_tier_id":0,"jetpack_publicize_message":"","jetpack_is_tweetstorm":false,"jetpack_publicize_feature_enabled":true,"jetpack_social_post_already_shared":true,"jetpack_social_options":{"image_generator_settings":{"template":"highway","enabled":false}}},"categories":[18,5],"tags":[79,19,9,81,82,80,78,83],"jetpack_publicize_connections":[],"aioseo_notices":[],"jetpack_featured_media_url":"https:\/\/i0.wp.com\/www.brincher.com.br\/blog\/wp-content\/uploads\/2016\/07\/virginityredefined.png?fit=1002%2C516&ssl=1","jetpack_shortlink":"https:\/\/wp.me\/p7bdao-7h","jetpack-related-posts":[{"id":472,"url":"https:\/\/www.brincher.com.br\/blog\/2016\/09\/16\/heineken-redencao\/","url_meta":{"origin":451,"position":0},"title":"Heineken; reden\u00e7\u00e3o","author":"Sandro Brincher","date":"2016\/09\/16","format":false,"excerpt":"Greve dos banc\u00e1rios. Estou h\u00e1 20 minutos mofando na fila da lot\u00e9rica de um shopping a fim de pagar umas contas. Com aquele Araketu maroto pipocando no fone, observo as pessoas que passam e, \u00e0 revelia do que a vida incita, tento me manter animado. \u00c9 o que fa\u00e7o o\u2026","rel":"","context":"In &quot;Cotidiano&quot;","block_context":{"text":"Cotidiano","link":"https:\/\/www.brincher.com.br\/blog\/category\/cotidiano\/"},"img":{"alt_text":"Al Hoda, comida libanesa vegana","src":"https:\/\/i0.wp.com\/www.brincher.com.br\/blog\/wp-content\/uploads\/2016\/09\/al_hoda_5.png?fit=1029%2C683&ssl=1&resize=350%2C200","width":350,"height":200,"srcset":"https:\/\/i0.wp.com\/www.brincher.com.br\/blog\/wp-content\/uploads\/2016\/09\/al_hoda_5.png?fit=1029%2C683&ssl=1&resize=350%2C200 1x, https:\/\/i0.wp.com\/www.brincher.com.br\/blog\/wp-content\/uploads\/2016\/09\/al_hoda_5.png?fit=1029%2C683&ssl=1&resize=525%2C300 1.5x, https:\/\/i0.wp.com\/www.brincher.com.br\/blog\/wp-content\/uploads\/2016\/09\/al_hoda_5.png?fit=1029%2C683&ssl=1&resize=700%2C400 2x"},"classes":[]},{"id":509,"url":"https:\/\/www.brincher.com.br\/blog\/2015\/04\/25\/fisica-shakespeare-e-adaptacoes\/","url_meta":{"origin":451,"position":1},"title":"F\u00edsica, Shakespeare e adapta\u00e7\u00f5es","author":"Sandro Brincher","date":"2015\/04\/25","format":false,"excerpt":"J\u00e1 era levemente estranho que, em pleno \"hor\u00e1rio do parquinho\" [ou seja, hora livre para fazer o que quiser], uma turma de 4\u00ba do ensino fundamental [com idades entre 9 e 10 anos] estivesse na biblioteca em um dia ensolarado e quente. Mais estranho ainda o grupo de 4 meninas\u2026","rel":"","context":"In &quot;Cotidiano&quot;","block_context":{"text":"Cotidiano","link":"https:\/\/www.brincher.com.br\/blog\/category\/cotidiano\/"},"img":{"alt_text":"","src":"","width":0,"height":0},"classes":[]},{"id":409,"url":"https:\/\/www.brincher.com.br\/blog\/2015\/07\/24\/pequena-mas-de-marca\/","url_meta":{"origin":451,"position":2},"title":"Pequena, mas de marca","author":"Sandro Brincher","date":"2015\/07\/24","format":false,"excerpt":"[Ontem \u00e0 noite; aproximadamente 22:30; Beira-mar norte; perto da entrada do Habib's]. Ouvi um barulho estranho e resolvi encostar o carro para ver o que era. T\u00e3o logo desci, um cidad\u00e3o se aproximou. Usava uma jaqueta jeans, uma cal\u00e7a de moletom preta, uns t\u00eanis bem detonados e uma mochila apoiada\u2026","rel":"","context":"In &quot;Cotidiano&quot;","block_context":{"text":"Cotidiano","link":"https:\/\/www.brincher.com.br\/blog\/category\/cotidiano\/"},"img":{"alt_text":"Kamejiro Senaga saindo da pris\u00e3o.","src":"https:\/\/i0.wp.com\/www.brincher.com.br\/blog\/wp-content\/uploads\/2015\/07\/Prison_Release_of_Kamejiro_Senaga.jpg?fit=538%2C366&ssl=1&resize=350%2C200","width":350,"height":200,"srcset":"https:\/\/i0.wp.com\/www.brincher.com.br\/blog\/wp-content\/uploads\/2015\/07\/Prison_Release_of_Kamejiro_Senaga.jpg?fit=538%2C366&ssl=1&resize=350%2C200 1x, https:\/\/i0.wp.com\/www.brincher.com.br\/blog\/wp-content\/uploads\/2015\/07\/Prison_Release_of_Kamejiro_Senaga.jpg?fit=538%2C366&ssl=1&resize=525%2C300 1.5x"},"classes":[]},{"id":420,"url":"https:\/\/www.brincher.com.br\/blog\/2016\/01\/01\/j-d-salinger-e-a-inteligencia-alheia\/","url_meta":{"origin":451,"position":3},"title":"J. D. Salinger e a intelig\u00eancia alheia","author":"Sandro Brincher","date":"2016\/01\/01","format":false,"excerpt":"Hoje \u00e9 anivers\u00e1rio de J. D. Salinger [1\/jan\/1919 - 27\/jan\/2010]\u200b, o mais capricorniano dos escritores. Foi depois de ler seu aclamado romance \u201cO apanhador no campo de centeio\u201d que me dei conta de que eu n\u00e3o era inteligente, era s\u00f3 um cara com meia d\u00fazia de refer\u00eancias e uma boa\u2026","rel":"","context":"In &quot;Cotidiano&quot;","block_context":{"text":"Cotidiano","link":"https:\/\/www.brincher.com.br\/blog\/category\/cotidiano\/"},"img":{"alt_text":"J.D. Salinger e seu cachorrinho. Cr\u00e9ditos: Paul Fitzgerald\/The Story Factory","src":"https:\/\/i0.wp.com\/www.brincher.com.br\/blog\/wp-content\/uploads\/2016\/01\/JD-Salinger-010.jpg?fit=620%2C372&ssl=1&resize=350%2C200","width":350,"height":200,"srcset":"https:\/\/i0.wp.com\/www.brincher.com.br\/blog\/wp-content\/uploads\/2016\/01\/JD-Salinger-010.jpg?fit=620%2C372&ssl=1&resize=350%2C200 1x, https:\/\/i0.wp.com\/www.brincher.com.br\/blog\/wp-content\/uploads\/2016\/01\/JD-Salinger-010.jpg?fit=620%2C372&ssl=1&resize=525%2C300 1.5x"},"classes":[]},{"id":400,"url":"https:\/\/www.brincher.com.br\/blog\/2015\/04\/06\/o-melhor-ano-da-minha-vida-ou-historia-de-algumas-caronas\/","url_meta":{"origin":451,"position":4},"title":"O melhor ano da minha vida  OU  Hist\u00f3ria de (alg)uma(s) carona(s)","author":"Sandro Brincher","date":"2015\/04\/06","format":false,"excerpt":"Nota: eu achei que tinha publicado\u00a0esse texto no fim do ano passado, mas minha postagem programada n\u00e3o funcionou e s\u00f3 me dei conta disso agora. A\u00ed vai, com atraso mesmo, porque 2014 mereceu. Segundo meu \"Livro de caronas\" [um caderninho no qual eu anoto algo sobre as pessoas a quem\u2026","rel":"","context":"In &quot;Cotidiano&quot;","block_context":{"text":"Cotidiano","link":"https:\/\/www.brincher.com.br\/blog\/category\/cotidiano\/"},"img":{"alt_text":"\"Hitchhiking near Vicksburg, Mississippi in 1936\", fotografia de Walker Evans","src":"https:\/\/i0.wp.com\/www.brincher.com.br\/blog\/wp-content\/uploads\/2015\/04\/Walker_Evans_Hitchhidkers_Vicksburg_vicinity_March_1936.jpg?fit=1200%2C946&ssl=1&resize=350%2C200","width":350,"height":200,"srcset":"https:\/\/i0.wp.com\/www.brincher.com.br\/blog\/wp-content\/uploads\/2015\/04\/Walker_Evans_Hitchhidkers_Vicksburg_vicinity_March_1936.jpg?fit=1200%2C946&ssl=1&resize=350%2C200 1x, https:\/\/i0.wp.com\/www.brincher.com.br\/blog\/wp-content\/uploads\/2015\/04\/Walker_Evans_Hitchhidkers_Vicksburg_vicinity_March_1936.jpg?fit=1200%2C946&ssl=1&resize=525%2C300 1.5x, https:\/\/i0.wp.com\/www.brincher.com.br\/blog\/wp-content\/uploads\/2015\/04\/Walker_Evans_Hitchhidkers_Vicksburg_vicinity_March_1936.jpg?fit=1200%2C946&ssl=1&resize=700%2C400 2x, https:\/\/i0.wp.com\/www.brincher.com.br\/blog\/wp-content\/uploads\/2015\/04\/Walker_Evans_Hitchhidkers_Vicksburg_vicinity_March_1936.jpg?fit=1200%2C946&ssl=1&resize=1050%2C600 3x"},"classes":[]},{"id":394,"url":"https:\/\/www.brincher.com.br\/blog\/2015\/03\/08\/sobre-o-dia-das-mulheres-digo-nada\/","url_meta":{"origin":451,"position":5},"title":"Sobre o Dia das Mulheres: digo nada","author":"Sandro Brincher","date":"2015\/03\/08","format":false,"excerpt":"CarOs amigOs, Ontem \u00e0 tarde, depois de um dia muito trabalhoso, resolvi escrever algumas coisas a respeito do Dia da Mulher e de como n\u00e3o h\u00e1 muito pra se \"comemorar\" nessa data [h\u00e1 muito, \u00f3bvio, para se discutir e sobre o que agir]. Digitei \"Mulher no Brasil\" no Google e\u2026","rel":"","context":"In &quot;Cotidiano&quot;","block_context":{"text":"Cotidiano","link":"https:\/\/www.brincher.com.br\/blog\/category\/cotidiano\/"},"img":{"alt_text":"\"Mulher no Brasil\", primeiros resultados de uma pesquisa no Google Imagens","src":"https:\/\/i0.wp.com\/www.brincher.com.br\/blog\/wp-content\/uploads\/2015\/03\/2015-03-08-1425835837_1580x783_scrot-510x252.png?resize=350%2C200","width":350,"height":200},"classes":[]}],"jetpack_likes_enabled":true,"jetpack_sharing_enabled":true,"_links":{"self":[{"href":"https:\/\/www.brincher.com.br\/blog\/wp-json\/wp\/v2\/posts\/451"}],"collection":[{"href":"https:\/\/www.brincher.com.br\/blog\/wp-json\/wp\/v2\/posts"}],"about":[{"href":"https:\/\/www.brincher.com.br\/blog\/wp-json\/wp\/v2\/types\/post"}],"author":[{"embeddable":true,"href":"https:\/\/www.brincher.com.br\/blog\/wp-json\/wp\/v2\/users\/1"}],"replies":[{"embeddable":true,"href":"https:\/\/www.brincher.com.br\/blog\/wp-json\/wp\/v2\/comments?post=451"}],"version-history":[{"count":2,"href":"https:\/\/www.brincher.com.br\/blog\/wp-json\/wp\/v2\/posts\/451\/revisions"}],"predecessor-version":[{"id":455,"href":"https:\/\/www.brincher.com.br\/blog\/wp-json\/wp\/v2\/posts\/451\/revisions\/455"}],"wp:featuredmedia":[{"embeddable":true,"href":"https:\/\/www.brincher.com.br\/blog\/wp-json\/wp\/v2\/media\/454"}],"wp:attachment":[{"href":"https:\/\/www.brincher.com.br\/blog\/wp-json\/wp\/v2\/media?parent=451"}],"wp:term":[{"taxonomy":"category","embeddable":true,"href":"https:\/\/www.brincher.com.br\/blog\/wp-json\/wp\/v2\/categories?post=451"},{"taxonomy":"post_tag","embeddable":true,"href":"https:\/\/www.brincher.com.br\/blog\/wp-json\/wp\/v2\/tags?post=451"}],"curies":[{"name":"wp","href":"https:\/\/api.w.org\/{rel}","templated":true}]}}