{"id":484,"date":"2017-03-24T21:42:37","date_gmt":"2017-03-25T00:42:37","guid":{"rendered":"http:\/\/www.brincher.com.br\/blog\/?p=484"},"modified":"2017-03-24T21:42:37","modified_gmt":"2017-03-25T00:42:37","slug":"in-vino-memoria","status":"publish","type":"post","link":"https:\/\/www.brincher.com.br\/blog\/2017\/03\/24\/in-vino-memoria\/","title":{"rendered":"[ in vino memoria ]"},"content":{"rendered":"<p>Aquele cl\u00e1ssico: tava chegando na esquina, o bus passou. Vazio ainda por cima. Nem um minuto depois, p\u00e1, o executivo. Viagem tranquila, mesmo com a mo\u00e7a roncando [de leve] no banco de tr\u00e1s. Quando eu tava l\u00e1 na frente, j\u00e1 na porta esperando pra descer, o motorista me olhou, riu e virou pra frente de novo. Olhei pra frente, a\u00ed me olhou de novo. Virei pra ele, que sorriu, deu uma gaguejada, mas acabou falando.<br \/>\n<em>&#8211; Tu vai rir, mas tu me lembra uma pessoa&#8230; por causa da barba. O frei Francisco. Eu era coroinha l\u00e1 em Lajeado, eu e meu primo. Ele era bem velho, o frei Francisco, mal andava. Deixava a gente tomar o vinho dele.<\/em><br \/>\nEu s\u00f3 balancei a cabe\u00e7a e sorri. N\u00e3o sei se ele viu o sorriso, porque o meu \u00e9 meio embargado por fora, mas por dentro garanto que tava gigante. Normalmente penso e interajo r\u00e1pido, mas dessa vez n\u00e3o senti vontade, n\u00e3o vi necessidade, mas senti que havia muita coisa n\u00e3o dita. O sorriso dele ia completando essas lacunas \u00e0s quais n\u00e3o tive acesso.<br \/>\nO \u00f4nibus foi parando, mas continuei esperando a conclus\u00e3o. A porta se abriu, mas como s\u00f3 eu desceria ali, dei aquela hesitada. Ele encerrou:<br \/>\n<em>&#8211; Mas olha, era um vinho bem b\u00e3o! Hahahaha.<\/em><br \/>\n<em> &#8211; D\u00e1 pra ver nos seus olhos! Obrigado. Boa viagem.<\/em><br \/>\n<em> &#8211; Boa aula.<\/em><br \/>\nTudo aconteceu muito r\u00e1pido, talvez um minuto, no m\u00e1ximo. Um minuto \u00e9 um intervalo atrav\u00e9s do qual a mem\u00f3ria, em sua infinita capacidade de dilatar o que os ponteiros metrificam, consegue conectar cidades, nomes, vinhos e vidas com seu implac\u00e1vel gatilho.<\/p>\n","protected":false},"excerpt":{"rendered":"<p>Aquele cl\u00e1ssico: tava chegando na esquina, o bus passou. Vazio ainda por cima. Nem um minuto depois, p\u00e1, o executivo. Viagem tranquila, mesmo com a mo\u00e7a roncando [de leve] no banco de tr\u00e1s. Quando eu tava l\u00e1 na frente, j\u00e1 na porta esperando pra descer, o motorista me olhou, riu e virou pra frente de [&hellip;]<\/p>\n","protected":false},"author":1,"featured_media":485,"comment_status":"open","ping_status":"open","sticky":false,"template":"","format":"standard","meta":{"jetpack_post_was_ever_published":false,"_jetpack_newsletter_access":"","_jetpack_newsletter_tier_id":0,"jetpack_publicize_message":"","jetpack_is_tweetstorm":false,"jetpack_publicize_feature_enabled":true,"jetpack_social_post_already_shared":true,"jetpack_social_options":{"image_generator_settings":{"template":"highway","enabled":false}}},"categories":[18,5],"tags":[19,9,103,101,102],"jetpack_publicize_connections":[],"aioseo_notices":[],"jetpack_featured_media_url":"https:\/\/i0.wp.com\/www.brincher.com.br\/blog\/wp-content\/uploads\/2017\/03\/brotherhood_winery_cellars_1.jpg?fit=1000%2C420&ssl=1","jetpack_shortlink":"https:\/\/wp.me\/p7bdao-7O","jetpack-related-posts":[{"id":472,"url":"https:\/\/www.brincher.com.br\/blog\/2016\/09\/16\/heineken-redencao\/","url_meta":{"origin":484,"position":0},"title":"Heineken; reden\u00e7\u00e3o","author":"Sandro Brincher","date":"2016\/09\/16","format":false,"excerpt":"Greve dos banc\u00e1rios. Estou h\u00e1 20 minutos mofando na fila da lot\u00e9rica de um shopping a fim de pagar umas contas. Com aquele Araketu maroto pipocando no fone, observo as pessoas que passam e, \u00e0 revelia do que a vida incita, tento me manter animado. \u00c9 o que fa\u00e7o o\u2026","rel":"","context":"In &quot;Cotidiano&quot;","block_context":{"text":"Cotidiano","link":"https:\/\/www.brincher.com.br\/blog\/category\/cotidiano\/"},"img":{"alt_text":"Al Hoda, comida libanesa vegana","src":"https:\/\/i0.wp.com\/www.brincher.com.br\/blog\/wp-content\/uploads\/2016\/09\/al_hoda_5.png?fit=1029%2C683&ssl=1&resize=350%2C200","width":350,"height":200,"srcset":"https:\/\/i0.wp.com\/www.brincher.com.br\/blog\/wp-content\/uploads\/2016\/09\/al_hoda_5.png?fit=1029%2C683&ssl=1&resize=350%2C200 1x, https:\/\/i0.wp.com\/www.brincher.com.br\/blog\/wp-content\/uploads\/2016\/09\/al_hoda_5.png?fit=1029%2C683&ssl=1&resize=525%2C300 1.5x, https:\/\/i0.wp.com\/www.brincher.com.br\/blog\/wp-content\/uploads\/2016\/09\/al_hoda_5.png?fit=1029%2C683&ssl=1&resize=700%2C400 2x"},"classes":[]},{"id":400,"url":"https:\/\/www.brincher.com.br\/blog\/2015\/04\/06\/o-melhor-ano-da-minha-vida-ou-historia-de-algumas-caronas\/","url_meta":{"origin":484,"position":1},"title":"O melhor ano da minha vida  OU  Hist\u00f3ria de (alg)uma(s) carona(s)","author":"Sandro Brincher","date":"2015\/04\/06","format":false,"excerpt":"Nota: eu achei que tinha publicado\u00a0esse texto no fim do ano passado, mas minha postagem programada n\u00e3o funcionou e s\u00f3 me dei conta disso agora. A\u00ed vai, com atraso mesmo, porque 2014 mereceu. Segundo meu \"Livro de caronas\" [um caderninho no qual eu anoto algo sobre as pessoas a quem\u2026","rel":"","context":"In &quot;Cotidiano&quot;","block_context":{"text":"Cotidiano","link":"https:\/\/www.brincher.com.br\/blog\/category\/cotidiano\/"},"img":{"alt_text":"\"Hitchhiking near Vicksburg, Mississippi in 1936\", fotografia de Walker Evans","src":"https:\/\/i0.wp.com\/www.brincher.com.br\/blog\/wp-content\/uploads\/2015\/04\/Walker_Evans_Hitchhidkers_Vicksburg_vicinity_March_1936.jpg?fit=1200%2C946&ssl=1&resize=350%2C200","width":350,"height":200,"srcset":"https:\/\/i0.wp.com\/www.brincher.com.br\/blog\/wp-content\/uploads\/2015\/04\/Walker_Evans_Hitchhidkers_Vicksburg_vicinity_March_1936.jpg?fit=1200%2C946&ssl=1&resize=350%2C200 1x, https:\/\/i0.wp.com\/www.brincher.com.br\/blog\/wp-content\/uploads\/2015\/04\/Walker_Evans_Hitchhidkers_Vicksburg_vicinity_March_1936.jpg?fit=1200%2C946&ssl=1&resize=525%2C300 1.5x, https:\/\/i0.wp.com\/www.brincher.com.br\/blog\/wp-content\/uploads\/2015\/04\/Walker_Evans_Hitchhidkers_Vicksburg_vicinity_March_1936.jpg?fit=1200%2C946&ssl=1&resize=700%2C400 2x, https:\/\/i0.wp.com\/www.brincher.com.br\/blog\/wp-content\/uploads\/2015\/04\/Walker_Evans_Hitchhidkers_Vicksburg_vicinity_March_1936.jpg?fit=1200%2C946&ssl=1&resize=1050%2C600 3x"},"classes":[]},{"id":467,"url":"https:\/\/www.brincher.com.br\/blog\/2016\/08\/12\/empreendedorismo-infantil-aula-1\/","url_meta":{"origin":484,"position":2},"title":"Empreendedorismo infantil, aula 1","author":"Sandro Brincher","date":"2016\/08\/12","format":false,"excerpt":"Tava tomando caf\u00e9 numa padariazinha aqui do centro e entraram dois moleques vendendo chocolates. Os dois muito bem apresentados, roupinha nos trinques, cabelio lambidinho pro lado e tudo. Venderam alguma coisa, mas as pessoas sempre olham com aquela cara desconfiada, puxam a bolsa pra mais perto do corpo, fingem que\u2026","rel":"","context":"In &quot;Cotidiano&quot;","block_context":{"text":"Cotidiano","link":"https:\/\/www.brincher.com.br\/blog\/category\/cotidiano\/"},"img":{"alt_text":"empreendedorismo-infantil.jpg","src":"https:\/\/i0.wp.com\/www.brincher.com.br\/blog\/wp-content\/uploads\/2016\/08\/empreendedorismo-infantil.jpg?fit=640%2C343&ssl=1&resize=350%2C200","width":350,"height":200,"srcset":"https:\/\/i0.wp.com\/www.brincher.com.br\/blog\/wp-content\/uploads\/2016\/08\/empreendedorismo-infantil.jpg?fit=640%2C343&ssl=1&resize=350%2C200 1x, https:\/\/i0.wp.com\/www.brincher.com.br\/blog\/wp-content\/uploads\/2016\/08\/empreendedorismo-infantil.jpg?fit=640%2C343&ssl=1&resize=525%2C300 1.5x"},"classes":[]},{"id":372,"url":"https:\/\/www.brincher.com.br\/blog\/2014\/08\/08\/licao-laconica\/","url_meta":{"origin":484,"position":3},"title":"[ li\u00e7\u00e3o lac\u00f4nica ]","author":"Sandro Brincher","date":"2014\/08\/08","format":false,"excerpt":"Eu tava cansado, com sono (culpa do show da Strindberg no Taliesyn na noite anterior), com fome e com rinite. Cheguei ao carro e me dei conta de que tinha esquecido a bolsa na sala dos professores. Voltei querendo explodir o mundo pela minha burrice. Quatro andares escada acima. Na\u2026","rel":"","context":"In &quot;Cotidiano&quot;","block_context":{"text":"Cotidiano","link":"https:\/\/www.brincher.com.br\/blog\/category\/cotidiano\/"},"img":{"alt_text":"empty school","src":"https:\/\/i0.wp.com\/www.brincher.com.br\/blog\/wp-content\/uploads\/2014\/08\/Empty_School_Hall_by_lightstars.jpg?resize=350%2C200","width":350,"height":200,"srcset":"https:\/\/i0.wp.com\/www.brincher.com.br\/blog\/wp-content\/uploads\/2014\/08\/Empty_School_Hall_by_lightstars.jpg?resize=350%2C200 1x, https:\/\/i0.wp.com\/www.brincher.com.br\/blog\/wp-content\/uploads\/2014\/08\/Empty_School_Hall_by_lightstars.jpg?resize=525%2C300 1.5x, https:\/\/i0.wp.com\/www.brincher.com.br\/blog\/wp-content\/uploads\/2014\/08\/Empty_School_Hall_by_lightstars.jpg?resize=700%2C400 2x"},"classes":[]},{"id":409,"url":"https:\/\/www.brincher.com.br\/blog\/2015\/07\/24\/pequena-mas-de-marca\/","url_meta":{"origin":484,"position":4},"title":"Pequena, mas de marca","author":"Sandro Brincher","date":"2015\/07\/24","format":false,"excerpt":"[Ontem \u00e0 noite; aproximadamente 22:30; Beira-mar norte; perto da entrada do Habib's]. Ouvi um barulho estranho e resolvi encostar o carro para ver o que era. T\u00e3o logo desci, um cidad\u00e3o se aproximou. Usava uma jaqueta jeans, uma cal\u00e7a de moletom preta, uns t\u00eanis bem detonados e uma mochila apoiada\u2026","rel":"","context":"In &quot;Cotidiano&quot;","block_context":{"text":"Cotidiano","link":"https:\/\/www.brincher.com.br\/blog\/category\/cotidiano\/"},"img":{"alt_text":"Kamejiro Senaga saindo da pris\u00e3o.","src":"https:\/\/i0.wp.com\/www.brincher.com.br\/blog\/wp-content\/uploads\/2015\/07\/Prison_Release_of_Kamejiro_Senaga.jpg?fit=538%2C366&ssl=1&resize=350%2C200","width":350,"height":200,"srcset":"https:\/\/i0.wp.com\/www.brincher.com.br\/blog\/wp-content\/uploads\/2015\/07\/Prison_Release_of_Kamejiro_Senaga.jpg?fit=538%2C366&ssl=1&resize=350%2C200 1x, https:\/\/i0.wp.com\/www.brincher.com.br\/blog\/wp-content\/uploads\/2015\/07\/Prison_Release_of_Kamejiro_Senaga.jpg?fit=538%2C366&ssl=1&resize=525%2C300 1.5x"},"classes":[]},{"id":293,"url":"https:\/\/www.brincher.com.br\/blog\/2014\/01\/09\/o-filho-do-papai-noel\/","url_meta":{"origin":484,"position":5},"title":"O filho do Papai Noel","author":"Sandro Brincher","date":"2014\/01\/09","format":false,"excerpt":"Olhei para a tela assim que ouvi o bipe e percebi que, considerando que s\u00f3 havia dois atendentes, demoraria para que eu fosse atendido. Al\u00e9m do mais, passava um pouco da hora de fechar e eu tinha esquecido um documento no guarda-volumes, ent\u00e3o teria que armar o ataque ret\u00f3rico para\u2026","rel":"","context":"In &quot;Cotidiano&quot;","block_context":{"text":"Cotidiano","link":"https:\/\/www.brincher.com.br\/blog\/category\/cotidiano\/"},"img":{"alt_text":"","src":"","width":0,"height":0},"classes":[]}],"jetpack_likes_enabled":true,"jetpack_sharing_enabled":true,"_links":{"self":[{"href":"https:\/\/www.brincher.com.br\/blog\/wp-json\/wp\/v2\/posts\/484"}],"collection":[{"href":"https:\/\/www.brincher.com.br\/blog\/wp-json\/wp\/v2\/posts"}],"about":[{"href":"https:\/\/www.brincher.com.br\/blog\/wp-json\/wp\/v2\/types\/post"}],"author":[{"embeddable":true,"href":"https:\/\/www.brincher.com.br\/blog\/wp-json\/wp\/v2\/users\/1"}],"replies":[{"embeddable":true,"href":"https:\/\/www.brincher.com.br\/blog\/wp-json\/wp\/v2\/comments?post=484"}],"version-history":[{"count":1,"href":"https:\/\/www.brincher.com.br\/blog\/wp-json\/wp\/v2\/posts\/484\/revisions"}],"predecessor-version":[{"id":486,"href":"https:\/\/www.brincher.com.br\/blog\/wp-json\/wp\/v2\/posts\/484\/revisions\/486"}],"wp:featuredmedia":[{"embeddable":true,"href":"https:\/\/www.brincher.com.br\/blog\/wp-json\/wp\/v2\/media\/485"}],"wp:attachment":[{"href":"https:\/\/www.brincher.com.br\/blog\/wp-json\/wp\/v2\/media?parent=484"}],"wp:term":[{"taxonomy":"category","embeddable":true,"href":"https:\/\/www.brincher.com.br\/blog\/wp-json\/wp\/v2\/categories?post=484"},{"taxonomy":"post_tag","embeddable":true,"href":"https:\/\/www.brincher.com.br\/blog\/wp-json\/wp\/v2\/tags?post=484"}],"curies":[{"name":"wp","href":"https:\/\/api.w.org\/{rel}","templated":true}]}}