{"id":493,"date":"2017-04-03T12:47:43","date_gmt":"2017-04-03T15:47:43","guid":{"rendered":"http:\/\/www.brincher.com.br\/blog\/?p=493"},"modified":"2017-04-14T11:25:01","modified_gmt":"2017-04-14T14:25:01","slug":"barbas-e-choques","status":"publish","type":"post","link":"https:\/\/www.brincher.com.br\/blog\/2017\/04\/03\/barbas-e-choques\/","title":{"rendered":"Barbas e choques"},"content":{"rendered":"<p>Aluno da escola, mas n\u00e3o meu aluno, aproximadamente 10 anos, come\u00e7a o papo:<\/p>\n<p>&#8212; Tu deixa essa barba assim pra chocar as pessoas?<br \/>\n&#8212; N\u00e3o, \u00e9 s\u00f3 porque eu gosto mesmo.<br \/>\n&#8212; S\u00f3 por isso?<br \/>\n&#8212; S\u00f3.<span class=\"text_exposed_show\"><br \/>\n&#8212; Ah, que pena.<\/span><\/p>\n","protected":false},"excerpt":{"rendered":"<p>Aluno da escola, mas n\u00e3o meu aluno, aproximadamente 10 anos, come\u00e7a o papo: &#8212; Tu deixa essa barba assim pra chocar as pessoas? &#8212; N\u00e3o, \u00e9 s\u00f3 porque eu gosto mesmo. &#8212; S\u00f3 por isso? &#8212; S\u00f3. &#8212; Ah, que pena.<\/p>\n","protected":false},"author":1,"featured_media":494,"comment_status":"open","ping_status":"open","sticky":false,"template":"","format":"standard","meta":{"jetpack_post_was_ever_published":false,"_jetpack_newsletter_access":"","_jetpack_newsletter_tier_id":0,"jetpack_publicize_message":"","jetpack_is_tweetstorm":false,"jetpack_publicize_feature_enabled":true,"jetpack_social_post_already_shared":true,"jetpack_social_options":{"image_generator_settings":{"template":"highway","enabled":false}}},"categories":[18,5],"tags":[19,22,9,34],"jetpack_publicize_connections":[],"aioseo_notices":[],"jetpack_featured_media_url":"https:\/\/i0.wp.com\/www.brincher.com.br\/blog\/wp-content\/uploads\/2017\/04\/zztop.jpg?fit=400%2C319&ssl=1","jetpack_shortlink":"https:\/\/wp.me\/p7bdao-7X","jetpack-related-posts":[{"id":556,"url":"https:\/\/www.brincher.com.br\/blog\/2018\/04\/09\/o-cubo-de-ambar\/","url_meta":{"origin":493,"position":0},"title":"[ o cubo de \u00e2mbar ]","author":"Sandro Brincher","date":"2018\/04\/09","format":false,"excerpt":"Cortei uns 60% da barba, mas ainda t\u00e1 maior do que a de 90% da popula\u00e7\u00e3o barbuda da China. As estat\u00edsticas eu fabriquei com aprumo, por isso acredito que sejam precisas. Foi por uma boa cau$a, mas me sinto desnudo.","rel":"","context":"In &quot;China&quot;","block_context":{"text":"China","link":"https:\/\/www.brincher.com.br\/blog\/category\/cotidiano\/china\/"},"img":{"alt_text":"foto: f\u00f3ssil preservado em \u00e2mbar","src":"https:\/\/i0.wp.com\/www.brincher.com.br\/blog\/wp-content\/uploads\/2018\/04\/fossil_ambar.jpeg?fit=550%2C359&ssl=1&resize=350%2C200","width":350,"height":200,"srcset":"https:\/\/i0.wp.com\/www.brincher.com.br\/blog\/wp-content\/uploads\/2018\/04\/fossil_ambar.jpeg?fit=550%2C359&ssl=1&resize=350%2C200 1x, https:\/\/i0.wp.com\/www.brincher.com.br\/blog\/wp-content\/uploads\/2018\/04\/fossil_ambar.jpeg?fit=550%2C359&ssl=1&resize=525%2C300 1.5x"},"classes":[]},{"id":372,"url":"https:\/\/www.brincher.com.br\/blog\/2014\/08\/08\/licao-laconica\/","url_meta":{"origin":493,"position":1},"title":"[ li\u00e7\u00e3o lac\u00f4nica ]","author":"Sandro Brincher","date":"2014\/08\/08","format":false,"excerpt":"Eu tava cansado, com sono (culpa do show da Strindberg no Taliesyn na noite anterior), com fome e com rinite. Cheguei ao carro e me dei conta de que tinha esquecido a bolsa na sala dos professores. Voltei querendo explodir o mundo pela minha burrice. Quatro andares escada acima. Na\u2026","rel":"","context":"In &quot;Cotidiano&quot;","block_context":{"text":"Cotidiano","link":"https:\/\/www.brincher.com.br\/blog\/category\/cotidiano\/"},"img":{"alt_text":"empty school","src":"https:\/\/i0.wp.com\/www.brincher.com.br\/blog\/wp-content\/uploads\/2014\/08\/Empty_School_Hall_by_lightstars.jpg?resize=350%2C200","width":350,"height":200,"srcset":"https:\/\/i0.wp.com\/www.brincher.com.br\/blog\/wp-content\/uploads\/2014\/08\/Empty_School_Hall_by_lightstars.jpg?resize=350%2C200 1x, https:\/\/i0.wp.com\/www.brincher.com.br\/blog\/wp-content\/uploads\/2014\/08\/Empty_School_Hall_by_lightstars.jpg?resize=525%2C300 1.5x, https:\/\/i0.wp.com\/www.brincher.com.br\/blog\/wp-content\/uploads\/2014\/08\/Empty_School_Hall_by_lightstars.jpg?resize=700%2C400 2x"},"classes":[]},{"id":484,"url":"https:\/\/www.brincher.com.br\/blog\/2017\/03\/24\/in-vino-memoria\/","url_meta":{"origin":493,"position":2},"title":"[ in vino memoria ]","author":"Sandro Brincher","date":"2017\/03\/24","format":false,"excerpt":"Aquele cl\u00e1ssico: tava chegando na esquina, o bus passou. Vazio ainda por cima. Nem um minuto depois, p\u00e1, o executivo. Viagem tranquila, mesmo com a mo\u00e7a roncando [de leve] no banco de tr\u00e1s. Quando eu tava l\u00e1 na frente, j\u00e1 na porta esperando pra descer, o motorista me olhou, riu\u2026","rel":"","context":"In &quot;Cotidiano&quot;","block_context":{"text":"Cotidiano","link":"https:\/\/www.brincher.com.br\/blog\/category\/cotidiano\/"},"img":{"alt_text":"brotherhood winery cellars","src":"https:\/\/i0.wp.com\/www.brincher.com.br\/blog\/wp-content\/uploads\/2017\/03\/brotherhood_winery_cellars_1.jpg?fit=1000%2C420&ssl=1&resize=350%2C200","width":350,"height":200,"srcset":"https:\/\/i0.wp.com\/www.brincher.com.br\/blog\/wp-content\/uploads\/2017\/03\/brotherhood_winery_cellars_1.jpg?fit=1000%2C420&ssl=1&resize=350%2C200 1x, https:\/\/i0.wp.com\/www.brincher.com.br\/blog\/wp-content\/uploads\/2017\/03\/brotherhood_winery_cellars_1.jpg?fit=1000%2C420&ssl=1&resize=525%2C300 1.5x, https:\/\/i0.wp.com\/www.brincher.com.br\/blog\/wp-content\/uploads\/2017\/03\/brotherhood_winery_cellars_1.jpg?fit=1000%2C420&ssl=1&resize=700%2C400 2x"},"classes":[]},{"id":293,"url":"https:\/\/www.brincher.com.br\/blog\/2014\/01\/09\/o-filho-do-papai-noel\/","url_meta":{"origin":493,"position":3},"title":"O filho do Papai Noel","author":"Sandro Brincher","date":"2014\/01\/09","format":false,"excerpt":"Olhei para a tela assim que ouvi o bipe e percebi que, considerando que s\u00f3 havia dois atendentes, demoraria para que eu fosse atendido. Al\u00e9m do mais, passava um pouco da hora de fechar e eu tinha esquecido um documento no guarda-volumes, ent\u00e3o teria que armar o ataque ret\u00f3rico para\u2026","rel":"","context":"In &quot;Cotidiano&quot;","block_context":{"text":"Cotidiano","link":"https:\/\/www.brincher.com.br\/blog\/category\/cotidiano\/"},"img":{"alt_text":"","src":"","width":0,"height":0},"classes":[]},{"id":550,"url":"https:\/\/www.brincher.com.br\/blog\/2018\/02\/16\/cinto-de-castidade\/","url_meta":{"origin":493,"position":4},"title":"Cinto de castidade","author":"Sandro Brincher","date":"2018\/02\/16","format":false,"excerpt":"Provas concretas de que o cadeadinho do Instagram \u00e9 o novo cinto de castidade.","rel":"","context":"In &quot;Cotidiano&quot;","block_context":{"text":"Cotidiano","link":"https:\/\/www.brincher.com.br\/blog\/category\/cotidiano\/"},"img":{"alt_text":"A woman cheating on her husband; a naked woman with a chastity belt sits on a bed with her foot on a chest and offers a key to a finely attired man with fool's ears; two figures observe the scene from the shadows and a fool empties a sheet of lice(?) into a basket; a satire","src":"https:\/\/i0.wp.com\/www.brincher.com.br\/blog\/wp-content\/uploads\/2018\/02\/chastity.png?fit=1200%2C677&ssl=1&resize=350%2C200","width":350,"height":200,"srcset":"https:\/\/i0.wp.com\/www.brincher.com.br\/blog\/wp-content\/uploads\/2018\/02\/chastity.png?fit=1200%2C677&ssl=1&resize=350%2C200 1x, https:\/\/i0.wp.com\/www.brincher.com.br\/blog\/wp-content\/uploads\/2018\/02\/chastity.png?fit=1200%2C677&ssl=1&resize=525%2C300 1.5x, https:\/\/i0.wp.com\/www.brincher.com.br\/blog\/wp-content\/uploads\/2018\/02\/chastity.png?fit=1200%2C677&ssl=1&resize=700%2C400 2x, https:\/\/i0.wp.com\/www.brincher.com.br\/blog\/wp-content\/uploads\/2018\/02\/chastity.png?fit=1200%2C677&ssl=1&resize=1050%2C600 3x"},"classes":[]},{"id":279,"url":"https:\/\/www.brincher.com.br\/blog\/2013\/12\/10\/pedofolia-carnaval-e-radicais\/","url_meta":{"origin":493,"position":5},"title":"Pedofolia, carnaval e radicais","author":"Sandro Brincher","date":"2013\/12\/10","format":false,"excerpt":"Me pedem sugest\u00e3o para o nome dum baile de carnaval infantil, sugiro Pedofolia, a\u00ed me esculacham impiedosamente. Francamente, t\u00e1 cada vez mais dif\u00edcil viver num mundo no qual as pessoas n\u00e3o manjam dos radicais gregos.","rel":"","context":"In &quot;Cotidiano&quot;","block_context":{"text":"Cotidiano","link":"https:\/\/www.brincher.com.br\/blog\/category\/cotidiano\/"},"img":{"alt_text":"modelos+infantis+carnaval","src":"https:\/\/i0.wp.com\/brincher.w.pw\/blog\/wp-content\/uploads\/2013\/12\/modelos+infantil+carnaval.jpg?resize=350%2C200","width":350,"height":200},"classes":[]}],"jetpack_likes_enabled":true,"jetpack_sharing_enabled":true,"_links":{"self":[{"href":"https:\/\/www.brincher.com.br\/blog\/wp-json\/wp\/v2\/posts\/493"}],"collection":[{"href":"https:\/\/www.brincher.com.br\/blog\/wp-json\/wp\/v2\/posts"}],"about":[{"href":"https:\/\/www.brincher.com.br\/blog\/wp-json\/wp\/v2\/types\/post"}],"author":[{"embeddable":true,"href":"https:\/\/www.brincher.com.br\/blog\/wp-json\/wp\/v2\/users\/1"}],"replies":[{"embeddable":true,"href":"https:\/\/www.brincher.com.br\/blog\/wp-json\/wp\/v2\/comments?post=493"}],"version-history":[{"count":3,"href":"https:\/\/www.brincher.com.br\/blog\/wp-json\/wp\/v2\/posts\/493\/revisions"}],"predecessor-version":[{"id":500,"href":"https:\/\/www.brincher.com.br\/blog\/wp-json\/wp\/v2\/posts\/493\/revisions\/500"}],"wp:featuredmedia":[{"embeddable":true,"href":"https:\/\/www.brincher.com.br\/blog\/wp-json\/wp\/v2\/media\/494"}],"wp:attachment":[{"href":"https:\/\/www.brincher.com.br\/blog\/wp-json\/wp\/v2\/media?parent=493"}],"wp:term":[{"taxonomy":"category","embeddable":true,"href":"https:\/\/www.brincher.com.br\/blog\/wp-json\/wp\/v2\/categories?post=493"},{"taxonomy":"post_tag","embeddable":true,"href":"https:\/\/www.brincher.com.br\/blog\/wp-json\/wp\/v2\/tags?post=493"}],"curies":[{"name":"wp","href":"https:\/\/api.w.org\/{rel}","templated":true}]}}