{"id":497,"date":"2017-04-14T11:17:53","date_gmt":"2017-04-14T14:17:53","guid":{"rendered":"http:\/\/www.brincher.com.br\/blog\/?p=497"},"modified":"2017-04-14T11:17:53","modified_gmt":"2017-04-14T14:17:53","slug":"traumas-de-graduacao-i","status":"publish","type":"post","link":"https:\/\/www.brincher.com.br\/blog\/2017\/04\/14\/traumas-de-graduacao-i\/","title":{"rendered":"Traumas de gradua\u00e7\u00e3o I"},"content":{"rendered":"<p>Ah, a universidade! Tempo, para muita gente, dos primeiros porres; das primeiras sarradas; das primeiras decep\u00e7\u00f5es amorosas; das primeiras viagens coletivas (rodovi\u00e1rias ou metaf\u00f3ricas); dos primeiros baseadinhos no bosque; dos primeiros tequinhos nos banheiros mais obscuros; das primeiras festinhas das quais se volta sem saber como; dos primeiros filhos que, como 99% da humanidade, n\u00e3o foram planejados; da primeira pedrinha encontrada no feij\u00e3o do RU; do primeiro namorado(a) comunista; enfim, tempo de muitas novidades, umas boas, outras ruins, mas todas absolutamente construtivas.<br \/>\nEntretanto, nessa fiss\u00e3o que se opera entre o Ensino Superior e seu antecessor M\u00e9dio, algumas das lacunas que se abrem s\u00e3o dif\u00edceis de se preencher. Dentro desse angustiante conjunto, uma se destaca mais do que todas: a substitui\u00e7\u00e3o de uma palavra l\u00fadica, festiva, congregadora, por outra que n\u00e3o faz mais do que delimitar o espa\u00e7o entre dois per\u00edodos de tempo. Em outras palavras, a chaga que se abre quando passamos a usar &#8220;intervalo&#8221; em detrimento de &#8220;recreio&#8221; \u00e9 do tipo para a qual, meus amigos e amigas, n\u00e3o h\u00e1 b\u00e1lsamo que seja capaz de curar.<\/p>\n","protected":false},"excerpt":{"rendered":"<p>Ah, a universidade! Tempo, para muita gente, dos primeiros porres; das primeiras sarradas; das primeiras decep\u00e7\u00f5es amorosas; das primeiras viagens coletivas (rodovi\u00e1rias ou metaf\u00f3ricas); dos primeiros baseadinhos no bosque; dos primeiros tequinhos nos banheiros mais obscuros; das primeiras festinhas das quais se volta sem saber como; dos primeiros filhos que, como 99% da humanidade, n\u00e3o [&hellip;]<\/p>\n","protected":false},"author":1,"featured_media":498,"comment_status":"open","ping_status":"open","sticky":false,"template":"","format":"standard","meta":{"jetpack_post_was_ever_published":false,"_jetpack_newsletter_access":"","_jetpack_newsletter_tier_id":0,"jetpack_publicize_message":"","jetpack_is_tweetstorm":false,"jetpack_publicize_feature_enabled":true,"jetpack_social_post_already_shared":true,"jetpack_social_options":{"image_generator_settings":{"template":"highway","enabled":false}}},"categories":[18,5],"tags":[9,107,108,106],"jetpack_publicize_connections":[],"aioseo_notices":[],"jetpack_featured_media_url":"https:\/\/i0.wp.com\/www.brincher.com.br\/blog\/wp-content\/uploads\/2017\/04\/UFSC-top-view.jpg?fit=1024%2C717&ssl=1","jetpack_shortlink":"https:\/\/wp.me\/p7bdao-81","jetpack-related-posts":[{"id":270,"url":"https:\/\/www.brincher.com.br\/blog\/2012\/03\/14\/15-livros-indispensaveis-ou-15-dicas-sem-compromisso\/","url_meta":{"origin":497,"position":0},"title":"15 livros indispens\u00e1veis ou 15 dicas sem compromisso","author":"Sandro Brincher","date":"2012\/03\/14","format":false,"excerpt":"Muita gente me pergunta sobre os livros de que mais gostei ao longo da vida. Pergunta dif\u00edcil. H\u00e1 os que li e reli algumas vezes, que cultuo em segredo, mas que eu n\u00e3o indicaria a muita gente. H\u00e1 os que eu nem curto tanto, mas que considero leitura obrigat\u00f3ria. H\u00e1\u2026","rel":"","context":"In &quot;Dicas&quot;","block_context":{"text":"Dicas","link":"https:\/\/www.brincher.com.br\/blog\/category\/dicas\/"},"img":{"alt_text":"","src":"","width":0,"height":0},"classes":[]},{"id":539,"url":"https:\/\/www.brincher.com.br\/blog\/2018\/01\/18\/aquilino-ribeiro-habitos-adquiridos-habitos-recusados\/","url_meta":{"origin":497,"position":1},"title":"Aquilino Ribeiro: h\u00e1bitos adquiridos, h\u00e1bitos recusados","author":"Sandro Brincher","date":"2018\/01\/18","format":false,"excerpt":"Essas ladainhas chinesas, embora longe de qualquer car\u00e1ter lit\u00fargico, davam-me a sensa\u00e7\u00e3o de adentrar um templo e eram a pr\u00f3pria bened\u00edcite que eu mesmo n\u00e3o proferia.","rel":"","context":"In &quot;China&quot;","block_context":{"text":"China","link":"https:\/\/www.brincher.com.br\/blog\/category\/cotidiano\/china\/"},"img":{"alt_text":"Aquilino Ribeiro","src":"https:\/\/i0.wp.com\/www.brincher.com.br\/blog\/wp-content\/uploads\/2018\/01\/aquilino-ribeiro.jpg?fit=854%2C482&ssl=1&resize=350%2C200","width":350,"height":200,"srcset":"https:\/\/i0.wp.com\/www.brincher.com.br\/blog\/wp-content\/uploads\/2018\/01\/aquilino-ribeiro.jpg?fit=854%2C482&ssl=1&resize=350%2C200 1x, https:\/\/i0.wp.com\/www.brincher.com.br\/blog\/wp-content\/uploads\/2018\/01\/aquilino-ribeiro.jpg?fit=854%2C482&ssl=1&resize=525%2C300 1.5x, https:\/\/i0.wp.com\/www.brincher.com.br\/blog\/wp-content\/uploads\/2018\/01\/aquilino-ribeiro.jpg?fit=854%2C482&ssl=1&resize=700%2C400 2x"},"classes":[]},{"id":512,"url":"https:\/\/www.brincher.com.br\/blog\/2017\/07\/16\/nesse-interim\/","url_meta":{"origin":497,"position":2},"title":"[ nesse \u00ednterim ]","author":"Sandro Brincher","date":"2017\/07\/16","format":false,"excerpt":"Minha primeira namoradinha morreu hoje. Talvez ela nem lembrasse mais de mim porque n\u00e3o fui seu primeiro e duvido muito que tenha sido um dos mais marcantes. Eu era jovem, ego\u00edsta e ilhado demais para me ocupar em deixar marcas em algu\u00e9m. O vel\u00f3rio est\u00e1 acontecendo a umas tr\u00eas quadras\u2026","rel":"","context":"In &quot;Textos&quot;","block_context":{"text":"Textos","link":"https:\/\/www.brincher.com.br\/blog\/category\/textos\/"},"img":{"alt_text":"grave flowers","src":"https:\/\/i0.wp.com\/www.brincher.com.br\/blog\/wp-content\/uploads\/2017\/07\/Grav-L.jpg?fit=800%2C561&ssl=1&resize=350%2C200","width":350,"height":200,"srcset":"https:\/\/i0.wp.com\/www.brincher.com.br\/blog\/wp-content\/uploads\/2017\/07\/Grav-L.jpg?fit=800%2C561&ssl=1&resize=350%2C200 1x, https:\/\/i0.wp.com\/www.brincher.com.br\/blog\/wp-content\/uploads\/2017\/07\/Grav-L.jpg?fit=800%2C561&ssl=1&resize=525%2C300 1.5x, https:\/\/i0.wp.com\/www.brincher.com.br\/blog\/wp-content\/uploads\/2017\/07\/Grav-L.jpg?fit=800%2C561&ssl=1&resize=700%2C400 2x"},"classes":[]},{"id":265,"url":"https:\/\/www.brincher.com.br\/blog\/2011\/01\/07\/o-harakiri-de-hirohito\/","url_meta":{"origin":497,"position":3},"title":"[ o harakiri de Hirohito ]","author":"Sandro Brincher","date":"2011\/01\/07","format":false,"excerpt":"Est\u00e1vamos \u00e0 mesa. Eu comia com pressa porque era meu anivers\u00e1rio e, depois do bolo e do insuport\u00e1vel \"Parab\u00e9ns a voc\u00ea\", ganhava passe livre pelo resto do dia. Podia ir aonde quisesse, voltar na hora que quisesse. Era como um rito de desprendimento dos grilh\u00f5es familiares que minha m\u00e3e havia\u2026","rel":"","context":"In &quot;Textos&quot;","block_context":{"text":"Textos","link":"https:\/\/www.brincher.com.br\/blog\/category\/textos\/"},"img":{"alt_text":"","src":"","width":0,"height":0},"classes":[]},{"id":534,"url":"https:\/\/www.brincher.com.br\/blog\/2018\/01\/14\/quatro-frases-uteis-em-amarico\/","url_meta":{"origin":497,"position":4},"title":"Quatro frases \u00fateis em Am\u00e1rico","author":"Sandro Brincher","date":"2018\/01\/14","format":false,"excerpt":"A companhia com a qual tenho viajado nas \u00faltimas 4 idas e vindas ao Brasil \u00e9 a Ethiopian Airlines. Eu poderia elogiar algumas coisas, como o menu vegano ou o infinito profissionalismo das comiss\u00e1rias de bordo - al\u00e9m da eleg\u00e2ncia de seus trajes \"t\u00edpicos\" e do sorriso absurdamente radiante das\u2026","rel":"","context":"In &quot;China&quot;","block_context":{"text":"China","link":"https:\/\/www.brincher.com.br\/blog\/category\/cotidiano\/china\/"},"img":{"alt_text":"Ethiopian girls","src":"https:\/\/i0.wp.com\/www.brincher.com.br\/blog\/wp-content\/uploads\/2018\/01\/IMG_7937.jpg?fit=1024%2C512&ssl=1&resize=350%2C200","width":350,"height":200,"srcset":"https:\/\/i0.wp.com\/www.brincher.com.br\/blog\/wp-content\/uploads\/2018\/01\/IMG_7937.jpg?fit=1024%2C512&ssl=1&resize=350%2C200 1x, https:\/\/i0.wp.com\/www.brincher.com.br\/blog\/wp-content\/uploads\/2018\/01\/IMG_7937.jpg?fit=1024%2C512&ssl=1&resize=525%2C300 1.5x, https:\/\/i0.wp.com\/www.brincher.com.br\/blog\/wp-content\/uploads\/2018\/01\/IMG_7937.jpg?fit=1024%2C512&ssl=1&resize=700%2C400 2x"},"classes":[]},{"id":389,"url":"https:\/\/www.brincher.com.br\/blog\/2014\/09\/28\/4-dias-em-manaus-trechos-esparsos-de-um-relato-de-viagem\/","url_meta":{"origin":497,"position":5},"title":"4 dias em Manaus: trechos esparsos de um relato de viagem","author":"Sandro Brincher","date":"2014\/09\/28","format":false,"excerpt":"Em 2009, estive em Manaus para fazer o concurso para professor efetivo do curso de Letras da UFAM, campus Benjamin Constant. Considerando o objetivo, foi um investimento absolutamente mal empregado. Eu n\u00e3o havia estudado o suficiente e a concorr\u00eancia era fort\u00edssima. Por outro lado, conhecer a cidade foi uma bela\u2026","rel":"","context":"In &quot;Cotidiano&quot;","block_context":{"text":"Cotidiano","link":"https:\/\/www.brincher.com.br\/blog\/category\/cotidiano\/"},"img":{"alt_text":"P\u00c3\u00a1ginas do bloco de notas usado como di\u00c3\u00a1rio","src":"https:\/\/i0.wp.com\/www.brincher.com.br\/blog\/wp-content\/uploads\/2014\/09\/diarios-de-manaus.jpg?resize=350%2C200","width":350,"height":200,"srcset":"https:\/\/i0.wp.com\/www.brincher.com.br\/blog\/wp-content\/uploads\/2014\/09\/diarios-de-manaus.jpg?resize=350%2C200 1x, https:\/\/i0.wp.com\/www.brincher.com.br\/blog\/wp-content\/uploads\/2014\/09\/diarios-de-manaus.jpg?resize=525%2C300 1.5x"},"classes":[]}],"jetpack_likes_enabled":true,"jetpack_sharing_enabled":true,"_links":{"self":[{"href":"https:\/\/www.brincher.com.br\/blog\/wp-json\/wp\/v2\/posts\/497"}],"collection":[{"href":"https:\/\/www.brincher.com.br\/blog\/wp-json\/wp\/v2\/posts"}],"about":[{"href":"https:\/\/www.brincher.com.br\/blog\/wp-json\/wp\/v2\/types\/post"}],"author":[{"embeddable":true,"href":"https:\/\/www.brincher.com.br\/blog\/wp-json\/wp\/v2\/users\/1"}],"replies":[{"embeddable":true,"href":"https:\/\/www.brincher.com.br\/blog\/wp-json\/wp\/v2\/comments?post=497"}],"version-history":[{"count":1,"href":"https:\/\/www.brincher.com.br\/blog\/wp-json\/wp\/v2\/posts\/497\/revisions"}],"predecessor-version":[{"id":499,"href":"https:\/\/www.brincher.com.br\/blog\/wp-json\/wp\/v2\/posts\/497\/revisions\/499"}],"wp:featuredmedia":[{"embeddable":true,"href":"https:\/\/www.brincher.com.br\/blog\/wp-json\/wp\/v2\/media\/498"}],"wp:attachment":[{"href":"https:\/\/www.brincher.com.br\/blog\/wp-json\/wp\/v2\/media?parent=497"}],"wp:term":[{"taxonomy":"category","embeddable":true,"href":"https:\/\/www.brincher.com.br\/blog\/wp-json\/wp\/v2\/categories?post=497"},{"taxonomy":"post_tag","embeddable":true,"href":"https:\/\/www.brincher.com.br\/blog\/wp-json\/wp\/v2\/tags?post=497"}],"curies":[{"name":"wp","href":"https:\/\/api.w.org\/{rel}","templated":true}]}}