{"id":512,"date":"2017-07-16T22:35:59","date_gmt":"2017-07-17T01:35:59","guid":{"rendered":"http:\/\/www.brincher.com.br\/blog\/?p=512"},"modified":"2017-07-16T22:41:26","modified_gmt":"2017-07-17T01:41:26","slug":"nesse-interim","status":"publish","type":"post","link":"https:\/\/www.brincher.com.br\/blog\/2017\/07\/16\/nesse-interim\/","title":{"rendered":"[ nesse \u00ednterim ]"},"content":{"rendered":"<p>Minha primeira namoradinha morreu hoje. Talvez ela nem lembrasse mais de mim porque n\u00e3o fui seu primeiro e duvido muito que tenha sido um dos mais marcantes. Eu era jovem, ego\u00edsta e ilhado demais para me ocupar em deixar marcas em algu\u00e9m. O vel\u00f3rio est\u00e1 acontecendo a umas tr\u00eas quadras da minha casa, mas n\u00e3o gosto de vel\u00f3rios. Achei mais importante registrar o fato e uma frase que ela disse. <em>&#8220;A gente n\u00e3o vai funcionar. Tu \u00e9 uma pessoa legal, \u00e9 inteligente, educado, calm\u00edssimo, mas n\u00e3o tem brilho&#8221;<\/em>. Passei a vida correndo atr\u00e1s disso mesmo sem ter ideia do que se tratava. Um dia, uma namorada disse <em>&#8220;O que eu mais gosto em ti \u00e9 esse teu brilho no olhar. Ele est\u00e1 em tudo que tu faz&#8221;<\/em>. Casamos e ficamos juntos at\u00e9 o dia em que ela morreu, h\u00e1 um par de anos. A primeira e a \u00faltima se foram. Nada do que aconteceu nesse \u00ednterim foi t\u00e3o relevante para ser lembrado, exceto os amores &#8211; poucos, mas infinitos. O que resta agora \u00e9 um \u00e1lbum desbotado, uma m\u00fasica antiga e uma indefinida espera.<\/p>\n","protected":false},"excerpt":{"rendered":"<p>Minha primeira namoradinha morreu hoje. Talvez ela nem lembrasse mais de mim porque n\u00e3o fui seu primeiro e duvido muito que tenha sido um dos mais marcantes. Eu era jovem, ego\u00edsta e ilhado demais para me ocupar em deixar marcas em algu\u00e9m. O vel\u00f3rio est\u00e1 acontecendo a umas tr\u00eas quadras da minha casa, mas n\u00e3o [&hellip;]<\/p>\n","protected":false},"author":1,"featured_media":513,"comment_status":"open","ping_status":"open","sticky":false,"template":"","format":"standard","meta":{"jetpack_post_was_ever_published":false,"_jetpack_newsletter_access":"","_jetpack_newsletter_tier_id":0,"jetpack_publicize_message":"","jetpack_is_tweetstorm":false,"jetpack_publicize_feature_enabled":true,"jetpack_social_post_already_shared":true,"jetpack_social_options":{"image_generator_settings":{"template":"highway","enabled":false}}},"categories":[5],"tags":[120,67,9,116,118,119,121,117],"jetpack_publicize_connections":[],"aioseo_notices":[],"jetpack_featured_media_url":"https:\/\/i0.wp.com\/www.brincher.com.br\/blog\/wp-content\/uploads\/2017\/07\/Grav-L.jpg?fit=800%2C561&ssl=1","jetpack_shortlink":"https:\/\/wp.me\/p7bdao-8g","jetpack-related-posts":[{"id":362,"url":"https:\/\/www.brincher.com.br\/blog\/2014\/07\/12\/minha-justificativa\/","url_meta":{"origin":512,"position":0},"title":"[ minha justificativa ]","author":"Sandro Brincher","date":"2014\/07\/12","format":false,"excerpt":"Ela segurou-a firme nas m\u00e3os, mas com alguma ternura. Olhou-a um pouco, deu dois tapinhas leves e esperou. Avermelhou levemente, foi-se avolumando, o sangue escuro preenchendo as grossas veias, que agora ficavam vistosas, ganhavam defini\u00e7\u00e3o, como se a superf\u00edcie da pele fosse um minimalista mapa hidrogr\u00e1fico. A enfermeira sorria. Segurava-a,\u2026","rel":"","context":"In &quot;Cotidiano&quot;","block_context":{"text":"Cotidiano","link":"https:\/\/www.brincher.com.br\/blog\/category\/cotidiano\/"},"img":{"alt_text":"veias","src":"https:\/\/i0.wp.com\/www.brincher.com.br\/blog\/wp-content\/uploads\/2014\/07\/veias.jpg?resize=350%2C200","width":350,"height":200,"srcset":"https:\/\/i0.wp.com\/www.brincher.com.br\/blog\/wp-content\/uploads\/2014\/07\/veias.jpg?resize=350%2C200 1x, https:\/\/i0.wp.com\/www.brincher.com.br\/blog\/wp-content\/uploads\/2014\/07\/veias.jpg?resize=525%2C300 1.5x"},"classes":[]},{"id":560,"url":"https:\/\/www.brincher.com.br\/blog\/2018\/04\/11\/vamos-marcar-alguma-coisa\/","url_meta":{"origin":512,"position":1},"title":"Vamos marcar alguma coisa?","author":"Sandro Brincher","date":"2018\/04\/11","format":false,"excerpt":"Aquele tumulto da geral indo sacar o FGTS hoje e eu l\u00e1, sentadinho esperando minha vez para tratar de assuntos bem menos divertidos. Dois senhores no banco ao lado conversavam. - E a Neca, e a Neca? - Ah, morreu j\u00e1. - E a tia Biloca, a tia Biloca? -\u2026","rel":"","context":"In &quot;Cotidiano&quot;","block_context":{"text":"Cotidiano","link":"https:\/\/www.brincher.com.br\/blog\/category\/cotidiano\/"},"img":{"alt_text":"figueira centen\u00e1ria - Pra\u00e7a XV de Novembro, Florian\u00f3polis","src":"https:\/\/i0.wp.com\/www.brincher.com.br\/blog\/wp-content\/uploads\/2018\/04\/figueira-centenaria-xv-de-novembro-floripa.jpg?fit=770%2C350&ssl=1&resize=350%2C200","width":350,"height":200,"srcset":"https:\/\/i0.wp.com\/www.brincher.com.br\/blog\/wp-content\/uploads\/2018\/04\/figueira-centenaria-xv-de-novembro-floripa.jpg?fit=770%2C350&ssl=1&resize=350%2C200 1x, https:\/\/i0.wp.com\/www.brincher.com.br\/blog\/wp-content\/uploads\/2018\/04\/figueira-centenaria-xv-de-novembro-floripa.jpg?fit=770%2C350&ssl=1&resize=525%2C300 1.5x, https:\/\/i0.wp.com\/www.brincher.com.br\/blog\/wp-content\/uploads\/2018\/04\/figueira-centenaria-xv-de-novembro-floripa.jpg?fit=770%2C350&ssl=1&resize=700%2C400 2x"},"classes":[]},{"id":372,"url":"https:\/\/www.brincher.com.br\/blog\/2014\/08\/08\/licao-laconica\/","url_meta":{"origin":512,"position":2},"title":"[ li\u00e7\u00e3o lac\u00f4nica ]","author":"Sandro Brincher","date":"2014\/08\/08","format":false,"excerpt":"Eu tava cansado, com sono (culpa do show da Strindberg no Taliesyn na noite anterior), com fome e com rinite. Cheguei ao carro e me dei conta de que tinha esquecido a bolsa na sala dos professores. Voltei querendo explodir o mundo pela minha burrice. Quatro andares escada acima. Na\u2026","rel":"","context":"In &quot;Cotidiano&quot;","block_context":{"text":"Cotidiano","link":"https:\/\/www.brincher.com.br\/blog\/category\/cotidiano\/"},"img":{"alt_text":"empty school","src":"https:\/\/i0.wp.com\/www.brincher.com.br\/blog\/wp-content\/uploads\/2014\/08\/Empty_School_Hall_by_lightstars.jpg?resize=350%2C200","width":350,"height":200,"srcset":"https:\/\/i0.wp.com\/www.brincher.com.br\/blog\/wp-content\/uploads\/2014\/08\/Empty_School_Hall_by_lightstars.jpg?resize=350%2C200 1x, https:\/\/i0.wp.com\/www.brincher.com.br\/blog\/wp-content\/uploads\/2014\/08\/Empty_School_Hall_by_lightstars.jpg?resize=525%2C300 1.5x, https:\/\/i0.wp.com\/www.brincher.com.br\/blog\/wp-content\/uploads\/2014\/08\/Empty_School_Hall_by_lightstars.jpg?resize=700%2C400 2x"},"classes":[]},{"id":467,"url":"https:\/\/www.brincher.com.br\/blog\/2016\/08\/12\/empreendedorismo-infantil-aula-1\/","url_meta":{"origin":512,"position":3},"title":"Empreendedorismo infantil, aula 1","author":"Sandro Brincher","date":"2016\/08\/12","format":false,"excerpt":"Tava tomando caf\u00e9 numa padariazinha aqui do centro e entraram dois moleques vendendo chocolates. Os dois muito bem apresentados, roupinha nos trinques, cabelio lambidinho pro lado e tudo. Venderam alguma coisa, mas as pessoas sempre olham com aquela cara desconfiada, puxam a bolsa pra mais perto do corpo, fingem que\u2026","rel":"","context":"In &quot;Cotidiano&quot;","block_context":{"text":"Cotidiano","link":"https:\/\/www.brincher.com.br\/blog\/category\/cotidiano\/"},"img":{"alt_text":"empreendedorismo-infantil.jpg","src":"https:\/\/i0.wp.com\/www.brincher.com.br\/blog\/wp-content\/uploads\/2016\/08\/empreendedorismo-infantil.jpg?fit=640%2C343&ssl=1&resize=350%2C200","width":350,"height":200,"srcset":"https:\/\/i0.wp.com\/www.brincher.com.br\/blog\/wp-content\/uploads\/2016\/08\/empreendedorismo-infantil.jpg?fit=640%2C343&ssl=1&resize=350%2C200 1x, https:\/\/i0.wp.com\/www.brincher.com.br\/blog\/wp-content\/uploads\/2016\/08\/empreendedorismo-infantil.jpg?fit=640%2C343&ssl=1&resize=525%2C300 1.5x"},"classes":[]},{"id":534,"url":"https:\/\/www.brincher.com.br\/blog\/2018\/01\/14\/quatro-frases-uteis-em-amarico\/","url_meta":{"origin":512,"position":4},"title":"Quatro frases \u00fateis em Am\u00e1rico","author":"Sandro Brincher","date":"2018\/01\/14","format":false,"excerpt":"A companhia com a qual tenho viajado nas \u00faltimas 4 idas e vindas ao Brasil \u00e9 a Ethiopian Airlines. Eu poderia elogiar algumas coisas, como o menu vegano ou o infinito profissionalismo das comiss\u00e1rias de bordo - al\u00e9m da eleg\u00e2ncia de seus trajes \"t\u00edpicos\" e do sorriso absurdamente radiante das\u2026","rel":"","context":"In &quot;China&quot;","block_context":{"text":"China","link":"https:\/\/www.brincher.com.br\/blog\/category\/cotidiano\/china\/"},"img":{"alt_text":"Ethiopian girls","src":"https:\/\/i0.wp.com\/www.brincher.com.br\/blog\/wp-content\/uploads\/2018\/01\/IMG_7937.jpg?fit=1024%2C512&ssl=1&resize=350%2C200","width":350,"height":200,"srcset":"https:\/\/i0.wp.com\/www.brincher.com.br\/blog\/wp-content\/uploads\/2018\/01\/IMG_7937.jpg?fit=1024%2C512&ssl=1&resize=350%2C200 1x, https:\/\/i0.wp.com\/www.brincher.com.br\/blog\/wp-content\/uploads\/2018\/01\/IMG_7937.jpg?fit=1024%2C512&ssl=1&resize=525%2C300 1.5x, https:\/\/i0.wp.com\/www.brincher.com.br\/blog\/wp-content\/uploads\/2018\/01\/IMG_7937.jpg?fit=1024%2C512&ssl=1&resize=700%2C400 2x"},"classes":[]},{"id":451,"url":"https:\/\/www.brincher.com.br\/blog\/2016\/07\/16\/outras-dermatoses\/","url_meta":{"origin":512,"position":5},"title":"Outras dermatoses","author":"Sandro Brincher","date":"2016\/07\/16","format":false,"excerpt":"A\u00ed o cara vai fazer um exame dermatol\u00f3gico numa policl\u00ednica p\u00fablica. A mo\u00e7a chama o nome dele. Ele entra, ela tranca a porta, senta e come\u00e7a a explicar o procedimento: \u2014 Algu\u00e9m j\u00e1 te disse como se faz esse exame? \u2014 N\u00e3o, ningu\u00e9m. \u2014 \u00c9 bem simples. S\u00e3o fotos. Se\u2026","rel":"","context":"In &quot;Cotidiano&quot;","block_context":{"text":"Cotidiano","link":"https:\/\/www.brincher.com.br\/blog\/category\/cotidiano\/"},"img":{"alt_text":"girl watching porn | fonte: virginityredefined","src":"https:\/\/i0.wp.com\/www.brincher.com.br\/blog\/wp-content\/uploads\/2016\/07\/virginityredefined.png?fit=1002%2C516&ssl=1&resize=350%2C200","width":350,"height":200,"srcset":"https:\/\/i0.wp.com\/www.brincher.com.br\/blog\/wp-content\/uploads\/2016\/07\/virginityredefined.png?fit=1002%2C516&ssl=1&resize=350%2C200 1x, https:\/\/i0.wp.com\/www.brincher.com.br\/blog\/wp-content\/uploads\/2016\/07\/virginityredefined.png?fit=1002%2C516&ssl=1&resize=525%2C300 1.5x, https:\/\/i0.wp.com\/www.brincher.com.br\/blog\/wp-content\/uploads\/2016\/07\/virginityredefined.png?fit=1002%2C516&ssl=1&resize=700%2C400 2x"},"classes":[]}],"jetpack_likes_enabled":true,"jetpack_sharing_enabled":true,"_links":{"self":[{"href":"https:\/\/www.brincher.com.br\/blog\/wp-json\/wp\/v2\/posts\/512"}],"collection":[{"href":"https:\/\/www.brincher.com.br\/blog\/wp-json\/wp\/v2\/posts"}],"about":[{"href":"https:\/\/www.brincher.com.br\/blog\/wp-json\/wp\/v2\/types\/post"}],"author":[{"embeddable":true,"href":"https:\/\/www.brincher.com.br\/blog\/wp-json\/wp\/v2\/users\/1"}],"replies":[{"embeddable":true,"href":"https:\/\/www.brincher.com.br\/blog\/wp-json\/wp\/v2\/comments?post=512"}],"version-history":[{"count":4,"href":"https:\/\/www.brincher.com.br\/blog\/wp-json\/wp\/v2\/posts\/512\/revisions"}],"predecessor-version":[{"id":517,"href":"https:\/\/www.brincher.com.br\/blog\/wp-json\/wp\/v2\/posts\/512\/revisions\/517"}],"wp:featuredmedia":[{"embeddable":true,"href":"https:\/\/www.brincher.com.br\/blog\/wp-json\/wp\/v2\/media\/513"}],"wp:attachment":[{"href":"https:\/\/www.brincher.com.br\/blog\/wp-json\/wp\/v2\/media?parent=512"}],"wp:term":[{"taxonomy":"category","embeddable":true,"href":"https:\/\/www.brincher.com.br\/blog\/wp-json\/wp\/v2\/categories?post=512"},{"taxonomy":"post_tag","embeddable":true,"href":"https:\/\/www.brincher.com.br\/blog\/wp-json\/wp\/v2\/tags?post=512"}],"curies":[{"name":"wp","href":"https:\/\/api.w.org\/{rel}","templated":true}]}}