{"id":560,"date":"2018-04-11T04:01:04","date_gmt":"2018-04-11T07:01:04","guid":{"rendered":"http:\/\/www.brincher.com.br\/blog\/?p=560"},"modified":"2018-04-11T04:01:04","modified_gmt":"2018-04-11T07:01:04","slug":"vamos-marcar-alguma-coisa","status":"publish","type":"post","link":"https:\/\/www.brincher.com.br\/blog\/2018\/04\/11\/vamos-marcar-alguma-coisa\/","title":{"rendered":"Vamos marcar alguma coisa?"},"content":{"rendered":"<p>Aquele tumulto da geral indo sacar o FGTS hoje e eu l\u00e1, sentadinho esperando minha vez para tratar de assuntos bem menos divertidos. Dois senhores no banco ao lado conversavam.<br \/>\n&#8211; E a Neca, e a Neca?<br \/>\n&#8211; Ah, morreu j\u00e1.<br \/>\n&#8211; E a tia Biloca, a tia Biloca?<br \/>\n&#8211; Ah, morreu tom\u00e9m, morreu.<span class=\"text_exposed_show\"><br \/>\n&#8211; Ah, tom\u00e9m?<br \/>\n&#8211; Sim, ela e aquelazinha que morava na frente da casa dela, como era o nome daquela raparigazinha?<br \/>\n&#8211; A Clodete, Cordete, uma coisa assim. Essa se foi-se tom\u00e9m? Mas era t\u00e3o novinha!<br \/>\n&#8211; Novinha naquele tempo, morreu com 68.<br \/>\n&#8211; Mas 68 \u00e9 nova. T\u00e1s com quantos?<br \/>\n&#8211; V\u00f4 faz\u00ea 80 m\u00eas que vem. Tu j\u00e1 passaste disso faz horas, n\u00e9?<br \/>\n&#8211; Ah, j\u00e1, n\u00e9? T\u00f4 com 83.<br \/>\n&#8211; Pa tu v\u00ea. A gente se conheceu com o qu\u00ea, uns 5 ou 6, n\u00e3o foi?<br \/>\n&#8211; Foi com 6 tu, que era rapaz pequeno. Eu j\u00e1 tinha 10.<br \/>\n&#8211; Teu irm\u00e3o tinha 6 tom\u00e9m. E ele como que t\u00e1?<br \/>\n&#8211; T\u00e1 bem firme.<br \/>\n&#8211; Ah, \u00e9?<br \/>\n&#8211; \u00c9, fincado bem firme no ch\u00e3o.<br \/>\n&#8211; Ah, sai da\u00ed, \u00f4. Orra, mas logo teu irm\u00e3o que era sossegado, n\u00e3o bebia, n\u00e3o fumava, nada.<br \/>\n&#8211; \u00c9, pa tu v\u00ea. Peg\u00f4 uma doen\u00e7a do porm\u00e3o, n\u00e3o quis ir no m\u00e9dico, ficou ruim, a\u00ed quando foi j\u00e1 tava todo estropiado. N\u00e3o durou mais um m\u00eas.<br \/>\n&#8211; Ah, mas pediu ent\u00e3o, coitado, deus o tenha.<br \/>\n&#8211; Pediu, pediu. <\/span><\/p>\n<div class=\"text_exposed_show\">\n<p>Nisso chamam a senha de um deles. Ele se levanta e se despede do amigo:<\/p>\n<p>&#8211; Aparece l\u00e1 em casa s\u00e1bado, vamo frit\u00e1 umas tainhota.<br \/>\n&#8211; N\u00e3o posso com\u00ea mais fritura faz anos, mas apare\u00e7o sim.<br \/>\n&#8211; Eu tom\u00e9m n\u00e3o posso, mas agora n\u00e3o t\u00f4 mais nem a\u00ed. Mas eu fa\u00e7o um pir\u00e3o pa ti, tolo.<br \/>\n&#8211; S\u00e1bado t\u00f4 l\u00e1 ent\u00e3o. Abra\u00e7o, Jo\u00e9lio.<br \/>\n&#8211; Abra\u00e7o, Zeno.<\/p>\n<p>Pois ent\u00e3o, sabe aquele papo de &#8220;vamos marcar alguma coisa&#8221;? Tem gente que morre e n\u00e3o consegue marcar nada al\u00e9m de bobeira.<\/p>\n<\/div>\n","protected":false},"excerpt":{"rendered":"<p>Aquele tumulto da geral indo sacar o FGTS hoje e eu l\u00e1, sentadinho esperando minha vez para tratar de assuntos bem menos divertidos. Dois senhores no banco ao lado conversavam. &#8211; E a Neca, e a Neca? &#8211; Ah, morreu j\u00e1. &#8211; E a tia Biloca, a tia Biloca? &#8211; Ah, morreu tom\u00e9m, morreu. &#8211; [&hellip;]<\/p>\n","protected":false},"author":1,"featured_media":561,"comment_status":"open","ping_status":"open","sticky":false,"template":"","format":"standard","meta":{"jetpack_post_was_ever_published":false,"_jetpack_newsletter_access":"","_jetpack_newsletter_tier_id":0,"jetpack_publicize_message":"","jetpack_is_tweetstorm":false,"jetpack_publicize_feature_enabled":true,"jetpack_social_post_already_shared":true,"jetpack_social_options":{"image_generator_settings":{"template":"highway","enabled":false}}},"categories":[18,150,5],"tags":[49,116,121],"jetpack_publicize_connections":[],"aioseo_notices":[],"jetpack_featured_media_url":"https:\/\/i0.wp.com\/www.brincher.com.br\/blog\/wp-content\/uploads\/2018\/04\/figueira-centenaria-xv-de-novembro-floripa.jpg?fit=770%2C350&ssl=1","jetpack_shortlink":"https:\/\/wp.me\/p7bdao-92","jetpack-related-posts":[{"id":409,"url":"https:\/\/www.brincher.com.br\/blog\/2015\/07\/24\/pequena-mas-de-marca\/","url_meta":{"origin":560,"position":0},"title":"Pequena, mas de marca","author":"Sandro Brincher","date":"2015\/07\/24","format":false,"excerpt":"[Ontem \u00e0 noite; aproximadamente 22:30; Beira-mar norte; perto da entrada do Habib's]. Ouvi um barulho estranho e resolvi encostar o carro para ver o que era. T\u00e3o logo desci, um cidad\u00e3o se aproximou. Usava uma jaqueta jeans, uma cal\u00e7a de moletom preta, uns t\u00eanis bem detonados e uma mochila apoiada\u2026","rel":"","context":"In &quot;Cotidiano&quot;","block_context":{"text":"Cotidiano","link":"https:\/\/www.brincher.com.br\/blog\/category\/cotidiano\/"},"img":{"alt_text":"Kamejiro Senaga saindo da pris\u00e3o.","src":"https:\/\/i0.wp.com\/www.brincher.com.br\/blog\/wp-content\/uploads\/2015\/07\/Prison_Release_of_Kamejiro_Senaga.jpg?fit=538%2C366&ssl=1&resize=350%2C200","width":350,"height":200,"srcset":"https:\/\/i0.wp.com\/www.brincher.com.br\/blog\/wp-content\/uploads\/2015\/07\/Prison_Release_of_Kamejiro_Senaga.jpg?fit=538%2C366&ssl=1&resize=350%2C200 1x, https:\/\/i0.wp.com\/www.brincher.com.br\/blog\/wp-content\/uploads\/2015\/07\/Prison_Release_of_Kamejiro_Senaga.jpg?fit=538%2C366&ssl=1&resize=525%2C300 1.5x"},"classes":[]},{"id":362,"url":"https:\/\/www.brincher.com.br\/blog\/2014\/07\/12\/minha-justificativa\/","url_meta":{"origin":560,"position":1},"title":"[ minha justificativa ]","author":"Sandro Brincher","date":"2014\/07\/12","format":false,"excerpt":"Ela segurou-a firme nas m\u00e3os, mas com alguma ternura. Olhou-a um pouco, deu dois tapinhas leves e esperou. Avermelhou levemente, foi-se avolumando, o sangue escuro preenchendo as grossas veias, que agora ficavam vistosas, ganhavam defini\u00e7\u00e3o, como se a superf\u00edcie da pele fosse um minimalista mapa hidrogr\u00e1fico. A enfermeira sorria. Segurava-a,\u2026","rel":"","context":"In &quot;Cotidiano&quot;","block_context":{"text":"Cotidiano","link":"https:\/\/www.brincher.com.br\/blog\/category\/cotidiano\/"},"img":{"alt_text":"veias","src":"https:\/\/i0.wp.com\/www.brincher.com.br\/blog\/wp-content\/uploads\/2014\/07\/veias.jpg?resize=350%2C200","width":350,"height":200,"srcset":"https:\/\/i0.wp.com\/www.brincher.com.br\/blog\/wp-content\/uploads\/2014\/07\/veias.jpg?resize=350%2C200 1x, https:\/\/i0.wp.com\/www.brincher.com.br\/blog\/wp-content\/uploads\/2014\/07\/veias.jpg?resize=525%2C300 1.5x"},"classes":[]},{"id":512,"url":"https:\/\/www.brincher.com.br\/blog\/2017\/07\/16\/nesse-interim\/","url_meta":{"origin":560,"position":2},"title":"[ nesse \u00ednterim ]","author":"Sandro Brincher","date":"2017\/07\/16","format":false,"excerpt":"Minha primeira namoradinha morreu hoje. Talvez ela nem lembrasse mais de mim porque n\u00e3o fui seu primeiro e duvido muito que tenha sido um dos mais marcantes. Eu era jovem, ego\u00edsta e ilhado demais para me ocupar em deixar marcas em algu\u00e9m. O vel\u00f3rio est\u00e1 acontecendo a umas tr\u00eas quadras\u2026","rel":"","context":"In &quot;Textos&quot;","block_context":{"text":"Textos","link":"https:\/\/www.brincher.com.br\/blog\/category\/textos\/"},"img":{"alt_text":"grave flowers","src":"https:\/\/i0.wp.com\/www.brincher.com.br\/blog\/wp-content\/uploads\/2017\/07\/Grav-L.jpg?fit=800%2C561&ssl=1&resize=350%2C200","width":350,"height":200,"srcset":"https:\/\/i0.wp.com\/www.brincher.com.br\/blog\/wp-content\/uploads\/2017\/07\/Grav-L.jpg?fit=800%2C561&ssl=1&resize=350%2C200 1x, https:\/\/i0.wp.com\/www.brincher.com.br\/blog\/wp-content\/uploads\/2017\/07\/Grav-L.jpg?fit=800%2C561&ssl=1&resize=525%2C300 1.5x, https:\/\/i0.wp.com\/www.brincher.com.br\/blog\/wp-content\/uploads\/2017\/07\/Grav-L.jpg?fit=800%2C561&ssl=1&resize=700%2C400 2x"},"classes":[]},{"id":472,"url":"https:\/\/www.brincher.com.br\/blog\/2016\/09\/16\/heineken-redencao\/","url_meta":{"origin":560,"position":3},"title":"Heineken; reden\u00e7\u00e3o","author":"Sandro Brincher","date":"2016\/09\/16","format":false,"excerpt":"Greve dos banc\u00e1rios. Estou h\u00e1 20 minutos mofando na fila da lot\u00e9rica de um shopping a fim de pagar umas contas. Com aquele Araketu maroto pipocando no fone, observo as pessoas que passam e, \u00e0 revelia do que a vida incita, tento me manter animado. \u00c9 o que fa\u00e7o o\u2026","rel":"","context":"In &quot;Cotidiano&quot;","block_context":{"text":"Cotidiano","link":"https:\/\/www.brincher.com.br\/blog\/category\/cotidiano\/"},"img":{"alt_text":"Al Hoda, comida libanesa vegana","src":"https:\/\/i0.wp.com\/www.brincher.com.br\/blog\/wp-content\/uploads\/2016\/09\/al_hoda_5.png?fit=1029%2C683&ssl=1&resize=350%2C200","width":350,"height":200,"srcset":"https:\/\/i0.wp.com\/www.brincher.com.br\/blog\/wp-content\/uploads\/2016\/09\/al_hoda_5.png?fit=1029%2C683&ssl=1&resize=350%2C200 1x, https:\/\/i0.wp.com\/www.brincher.com.br\/blog\/wp-content\/uploads\/2016\/09\/al_hoda_5.png?fit=1029%2C683&ssl=1&resize=525%2C300 1.5x, https:\/\/i0.wp.com\/www.brincher.com.br\/blog\/wp-content\/uploads\/2016\/09\/al_hoda_5.png?fit=1029%2C683&ssl=1&resize=700%2C400 2x"},"classes":[]},{"id":467,"url":"https:\/\/www.brincher.com.br\/blog\/2016\/08\/12\/empreendedorismo-infantil-aula-1\/","url_meta":{"origin":560,"position":4},"title":"Empreendedorismo infantil, aula 1","author":"Sandro Brincher","date":"2016\/08\/12","format":false,"excerpt":"Tava tomando caf\u00e9 numa padariazinha aqui do centro e entraram dois moleques vendendo chocolates. Os dois muito bem apresentados, roupinha nos trinques, cabelio lambidinho pro lado e tudo. Venderam alguma coisa, mas as pessoas sempre olham com aquela cara desconfiada, puxam a bolsa pra mais perto do corpo, fingem que\u2026","rel":"","context":"In &quot;Cotidiano&quot;","block_context":{"text":"Cotidiano","link":"https:\/\/www.brincher.com.br\/blog\/category\/cotidiano\/"},"img":{"alt_text":"empreendedorismo-infantil.jpg","src":"https:\/\/i0.wp.com\/www.brincher.com.br\/blog\/wp-content\/uploads\/2016\/08\/empreendedorismo-infantil.jpg?fit=640%2C343&ssl=1&resize=350%2C200","width":350,"height":200,"srcset":"https:\/\/i0.wp.com\/www.brincher.com.br\/blog\/wp-content\/uploads\/2016\/08\/empreendedorismo-infantil.jpg?fit=640%2C343&ssl=1&resize=350%2C200 1x, https:\/\/i0.wp.com\/www.brincher.com.br\/blog\/wp-content\/uploads\/2016\/08\/empreendedorismo-infantil.jpg?fit=640%2C343&ssl=1&resize=525%2C300 1.5x"},"classes":[]},{"id":400,"url":"https:\/\/www.brincher.com.br\/blog\/2015\/04\/06\/o-melhor-ano-da-minha-vida-ou-historia-de-algumas-caronas\/","url_meta":{"origin":560,"position":5},"title":"O melhor ano da minha vida  OU  Hist\u00f3ria de (alg)uma(s) carona(s)","author":"Sandro Brincher","date":"2015\/04\/06","format":false,"excerpt":"Nota: eu achei que tinha publicado\u00a0esse texto no fim do ano passado, mas minha postagem programada n\u00e3o funcionou e s\u00f3 me dei conta disso agora. A\u00ed vai, com atraso mesmo, porque 2014 mereceu. Segundo meu \"Livro de caronas\" [um caderninho no qual eu anoto algo sobre as pessoas a quem\u2026","rel":"","context":"In &quot;Cotidiano&quot;","block_context":{"text":"Cotidiano","link":"https:\/\/www.brincher.com.br\/blog\/category\/cotidiano\/"},"img":{"alt_text":"\"Hitchhiking near Vicksburg, Mississippi in 1936\", fotografia de Walker Evans","src":"https:\/\/i0.wp.com\/www.brincher.com.br\/blog\/wp-content\/uploads\/2015\/04\/Walker_Evans_Hitchhidkers_Vicksburg_vicinity_March_1936.jpg?fit=1200%2C946&ssl=1&resize=350%2C200","width":350,"height":200,"srcset":"https:\/\/i0.wp.com\/www.brincher.com.br\/blog\/wp-content\/uploads\/2015\/04\/Walker_Evans_Hitchhidkers_Vicksburg_vicinity_March_1936.jpg?fit=1200%2C946&ssl=1&resize=350%2C200 1x, https:\/\/i0.wp.com\/www.brincher.com.br\/blog\/wp-content\/uploads\/2015\/04\/Walker_Evans_Hitchhidkers_Vicksburg_vicinity_March_1936.jpg?fit=1200%2C946&ssl=1&resize=525%2C300 1.5x, https:\/\/i0.wp.com\/www.brincher.com.br\/blog\/wp-content\/uploads\/2015\/04\/Walker_Evans_Hitchhidkers_Vicksburg_vicinity_March_1936.jpg?fit=1200%2C946&ssl=1&resize=700%2C400 2x, https:\/\/i0.wp.com\/www.brincher.com.br\/blog\/wp-content\/uploads\/2015\/04\/Walker_Evans_Hitchhidkers_Vicksburg_vicinity_March_1936.jpg?fit=1200%2C946&ssl=1&resize=1050%2C600 3x"},"classes":[]}],"jetpack_likes_enabled":true,"jetpack_sharing_enabled":true,"_links":{"self":[{"href":"https:\/\/www.brincher.com.br\/blog\/wp-json\/wp\/v2\/posts\/560"}],"collection":[{"href":"https:\/\/www.brincher.com.br\/blog\/wp-json\/wp\/v2\/posts"}],"about":[{"href":"https:\/\/www.brincher.com.br\/blog\/wp-json\/wp\/v2\/types\/post"}],"author":[{"embeddable":true,"href":"https:\/\/www.brincher.com.br\/blog\/wp-json\/wp\/v2\/users\/1"}],"replies":[{"embeddable":true,"href":"https:\/\/www.brincher.com.br\/blog\/wp-json\/wp\/v2\/comments?post=560"}],"version-history":[{"count":1,"href":"https:\/\/www.brincher.com.br\/blog\/wp-json\/wp\/v2\/posts\/560\/revisions"}],"predecessor-version":[{"id":562,"href":"https:\/\/www.brincher.com.br\/blog\/wp-json\/wp\/v2\/posts\/560\/revisions\/562"}],"wp:featuredmedia":[{"embeddable":true,"href":"https:\/\/www.brincher.com.br\/blog\/wp-json\/wp\/v2\/media\/561"}],"wp:attachment":[{"href":"https:\/\/www.brincher.com.br\/blog\/wp-json\/wp\/v2\/media?parent=560"}],"wp:term":[{"taxonomy":"category","embeddable":true,"href":"https:\/\/www.brincher.com.br\/blog\/wp-json\/wp\/v2\/categories?post=560"},{"taxonomy":"post_tag","embeddable":true,"href":"https:\/\/www.brincher.com.br\/blog\/wp-json\/wp\/v2\/tags?post=560"}],"curies":[{"name":"wp","href":"https:\/\/api.w.org\/{rel}","templated":true}]}}